{"id":25742,"date":"2023-12-08T17:06:27","date_gmt":"2023-12-08T20:06:27","guid":{"rendered":"http:\/\/www.fumssar.com.br\/?p=25742"},"modified":"2024-10-07T16:29:51","modified_gmt":"2024-10-07T19:29:51","slug":"fumssar-realiza-a-2a-feira-de-saude-em-santa-rosa","status":"publish","type":"post","link":"https:\/\/www.fumssar.com.br\/?p=25742","title":{"rendered":"FUMSSAR realiza a 2\u00aa Feira de Sa\u00fade em Santa Rosa"},"content":{"rendered":"\n<figure class=\"wp-block-image\"><img loading=\"lazy\" decoding=\"async\" width=\"860\" height=\"645\" src=\"https:\/\/www.fumssar.com.br\/wp-content\/uploads\/2023\/12\/Formato-Site-e-Portal-860X645-JPG-2023-12-08T170418.152.jpg\" alt=\"\" class=\"wp-image-25743\" srcset=\"https:\/\/www.fumssar.com.br\/wp-content\/uploads\/2023\/12\/Formato-Site-e-Portal-860X645-JPG-2023-12-08T170418.152.jpg 860w, https:\/\/www.fumssar.com.br\/wp-content\/uploads\/2023\/12\/Formato-Site-e-Portal-860X645-JPG-2023-12-08T170418.152-300x225.jpg 300w, https:\/\/www.fumssar.com.br\/wp-content\/uploads\/2023\/12\/Formato-Site-e-Portal-860X645-JPG-2023-12-08T170418.152-768x576.jpg 768w\" sizes=\"(max-width: 860px) 100vw, 860px\" \/><\/figure>\n\n\n\n<p>A\nFunda\u00e7\u00e3o Municipal de Sa\u00fade de Santa Rosa atrav\u00e9s da equipe que atua na UBS\nJ\u00falio de Oliveira, realizou nesta sexta-feira (08), a Feira de Sa\u00fade V\u00f3 J\u00falia:\nSa\u00fade da popula\u00e7\u00e3o negra. O evento aconteceu no Campo Ouro Verde, no bairro\nCruzeiro e reuniu a comunidade, alunos das escolas municipais, empresas e\ninstitui\u00e7\u00f5es de Santa Rosa. Diversas a\u00e7\u00f5es e servi\u00e7os foram ofertados para a popula\u00e7\u00e3o,\ncomo: testes r\u00e1pidos, aferi\u00e7\u00e3o de glicose e press\u00e3o, cortes de cabelo,\nauriculoterapia, brinquedos e lanches para as crian\u00e7as, entre outros. Esta foi\na segunda edi\u00e7\u00e3o da feira de sa\u00fade no munic\u00edpio, que neste ano, teve como destaque\no tema do combate ao racismo. <\/p>\n\n\n\n<p>O\nobjetivo da a\u00e7\u00e3o foi aproximar a comunidade, al\u00e9m de refor\u00e7ar a import\u00e2ncia da\npreven\u00e7\u00e3o de doen\u00e7as e da conscientiza\u00e7\u00e3o contra \u00e0 discrimina\u00e7\u00e3o racial. O\nPresidente da FUMSSAR, D\u00e9lcio Stefan, agradeceu a participa\u00e7\u00e3o da comunidade,\nautoridades e institui\u00e7\u00f5es parceiras e refor\u00e7ou a import\u00e2ncia dos cuidados em\nsa\u00fade, \u201cEstamos muito contentes de estar aqui na J\u00falio de Oliveira mais um ano,\nrealizando a 2\u00aa Feira de Sa\u00fade em Santa Rosa. Um momento de integra\u00e7\u00e3o e que\nre\u00fane v\u00e1rios servi\u00e7os que contribuem para a sa\u00fade integral da popula\u00e7\u00e3o\u201d. <\/p>\n\n\n\n<p>O\nevento contou com a presen\u00e7a da Coordenadora da UBS J\u00falio de Oliveira, Lenita\nDalcin, da vereadora Cl\u00e9o Brinhol, da Coordenadora adjunta da 14\u00aa Coordenadoria\nRegional de Sa\u00fade, Alexsandra Kafer, da Presidente da Associa\u00e7\u00e3o de Moradores da\nJ\u00falio de Oliveira, Rosemeri Mattos e do Diretor do Departamento de Gest\u00e3o\nEstrat\u00e9gica e Participativa da FUMSSAR, Fernando Borella.<\/p>\n","protected":false},"excerpt":{"rendered":"<p>A Funda\u00e7\u00e3o Municipal de Sa\u00fade de Santa Rosa atrav\u00e9s da equipe que atua na UBS&#8230;<\/p>\n","protected":false},"author":36,"featured_media":25744,"comment_status":"closed","ping_status":"closed","sticky":false,"template":"","format":"standard","meta":{"footnotes":""},"categories":[2],"tags":[],"_links":{"self":[{"href":"https:\/\/www.fumssar.com.br\/index.php?rest_route=\/wp\/v2\/posts\/25742"}],"collection":[{"href":"https:\/\/www.fumssar.com.br\/index.php?rest_route=\/wp\/v2\/posts"}],"about":[{"href":"https:\/\/www.fumssar.com.br\/index.php?rest_route=\/wp\/v2\/types\/post"}],"author":[{"embeddable":true,"href":"https:\/\/www.fumssar.com.br\/index.php?rest_route=\/wp\/v2\/users\/36"}],"replies":[{"embeddable":true,"href":"https:\/\/www.fumssar.com.br\/index.php?rest_route=%2Fwp%2Fv2%2Fcomments&post=25742"}],"version-history":[{"count":1,"href":"https:\/\/www.fumssar.com.br\/index.php?rest_route=\/wp\/v2\/posts\/25742\/revisions"}],"predecessor-version":[{"id":25745,"href":"https:\/\/www.fumssar.com.br\/index.php?rest_route=\/wp\/v2\/posts\/25742\/revisions\/25745"}],"wp:featuredmedia":[{"embeddable":true,"href":"https:\/\/www.fumssar.com.br\/index.php?rest_route=\/wp\/v2\/media\/25744"}],"wp:attachment":[{"href":"https:\/\/www.fumssar.com.br\/index.php?rest_route=%2Fwp%2Fv2%2Fmedia&parent=25742"}],"wp:term":[{"taxonomy":"category","embeddable":true,"href":"https:\/\/www.fumssar.com.br\/index.php?rest_route=%2Fwp%2Fv2%2Fcategories&post=25742"},{"taxonomy":"post_tag","embeddable":true,"href":"https:\/\/www.fumssar.com.br\/index.php?rest_route=%2Fwp%2Fv2%2Ftags&post=25742"}],"curies":[{"name":"wp","href":"https:\/\/api.w.org\/{rel}","templated":true}]}}