{"id":25699,"date":"2023-11-27T16:20:18","date_gmt":"2023-11-27T19:20:18","guid":{"rendered":"http:\/\/www.fumssar.com.br\/?p=25699"},"modified":"2024-10-07T16:29:51","modified_gmt":"2024-10-07T19:29:51","slug":"avancam-as-obras-do-novo-almoxarifado-da-fumssar","status":"publish","type":"post","link":"https:\/\/www.fumssar.com.br\/?p=25699","title":{"rendered":"Avan\u00e7am as obras do novo almoxarifado da FUMSSAR"},"content":{"rendered":"\n<figure class=\"wp-block-image\"><img loading=\"lazy\" decoding=\"async\" width=\"860\" height=\"645\" src=\"https:\/\/www.fumssar.com.br\/wp-content\/uploads\/2023\/11\/Formato-Site-e-Portal-860X645-JPG-2023-11-27T160507.512.jpg\" alt=\"\" class=\"wp-image-25700\" srcset=\"https:\/\/www.fumssar.com.br\/wp-content\/uploads\/2023\/11\/Formato-Site-e-Portal-860X645-JPG-2023-11-27T160507.512.jpg 860w, https:\/\/www.fumssar.com.br\/wp-content\/uploads\/2023\/11\/Formato-Site-e-Portal-860X645-JPG-2023-11-27T160507.512-300x225.jpg 300w, https:\/\/www.fumssar.com.br\/wp-content\/uploads\/2023\/11\/Formato-Site-e-Portal-860X645-JPG-2023-11-27T160507.512-768x576.jpg 768w\" sizes=\"(max-width: 860px) 100vw, 860px\" \/><\/figure>\n\n\n\n<p>As\nobras do novo almoxarifado da FUMSSAR est\u00e3o em execu\u00e7\u00e3o. Mais de 30% do projeto\nj\u00e1 foi conclu\u00eddo e a previs\u00e3o \u00e9 que os servi\u00e7os sejam finalizados at\u00e9 mar\u00e7o de\n2024. A edifica\u00e7\u00e3o est\u00e1 sendo constru\u00edda ao lado do Hemocentro Regional de\nSanta Rosa \u2013 HEMOSAR, em duas etapas. A primeira delas que era o processo de\nescava\u00e7\u00e3o em rocha foi finalizada. A partir de agora, inicia a segunda parte\nque \u00e9 a constru\u00e7\u00e3o de um pavilh\u00e3o pr\u00e9-fabricado. Cerca de R$ 900 mil est\u00e3o\nsendo investidos no local.<\/p>\n\n\n\n<p>O\nVice-Prefeito Aldemir Ulrich e o Presidente da FUMSSAR, D\u00e9lcio Stefan,\nacompanharam o andamento da obra. O projeto prev\u00ea a constru\u00e7\u00e3o de um pavilh\u00e3o\ncom 327,30 m\u00b2, com dep\u00f3sito e \u00e1rea administrativa. \u201cO objetivo \u00e9 qualificar o atendimento\ne aproximar o centro de distribui\u00e7\u00e3o de produtos e materiais dos demais locais\nque fazem parte da Funda\u00e7\u00e3o de Sa\u00fade, proporcionando assim, mais agilidade na\npresta\u00e7\u00e3o dos servi\u00e7os\u201d, destacou o vice-prefeito. <\/p>\n\n\n\n<p>A\nnova instala\u00e7\u00e3o foi projetada para melhor atender as demandas, al\u00e9m de gerar\numa importante economia, j\u00e1 que hoje, o almoxarifado funciona em um pr\u00e9dio\nalugado. Al\u00e9m disso, por estar pr\u00f3ximo de outros servi\u00e7os da Funda\u00e7\u00e3o, como:\nCentro Administrativo, Vigil\u00e2ncias, Centro de Especialidades, Farm\u00e1cia, CEREST,\nPICS, Laborat\u00f3rio e Hemocentro, haver\u00e1 tamb\u00e9m uma economia com a log\u00edstica de\nve\u00edculos e transporte. O Presidente da FUMSSAR, D\u00e9lcio Stefan, ressaltou tamb\u00e9m\nque o pr\u00e9dio vai atender todas as regras sanit\u00e1rias e normativas para a\narmazenagem correta dos produtos e materiais. Ao todo, ser\u00e3o investidos na\nobra, R$ 876.216,85 de recurso livre.<\/p>\n","protected":false},"excerpt":{"rendered":"<p>As obras do novo almoxarifado da FUMSSAR est\u00e3o em execu\u00e7\u00e3o. Mais de 30% do projeto&#8230;<\/p>\n","protected":false},"author":36,"featured_media":25701,"comment_status":"closed","ping_status":"closed","sticky":false,"template":"","format":"standard","meta":{"footnotes":""},"categories":[2],"tags":[],"_links":{"self":[{"href":"https:\/\/www.fumssar.com.br\/index.php?rest_route=\/wp\/v2\/posts\/25699"}],"collection":[{"href":"https:\/\/www.fumssar.com.br\/index.php?rest_route=\/wp\/v2\/posts"}],"about":[{"href":"https:\/\/www.fumssar.com.br\/index.php?rest_route=\/wp\/v2\/types\/post"}],"author":[{"embeddable":true,"href":"https:\/\/www.fumssar.com.br\/index.php?rest_route=\/wp\/v2\/users\/36"}],"replies":[{"embeddable":true,"href":"https:\/\/www.fumssar.com.br\/index.php?rest_route=%2Fwp%2Fv2%2Fcomments&post=25699"}],"version-history":[{"count":1,"href":"https:\/\/www.fumssar.com.br\/index.php?rest_route=\/wp\/v2\/posts\/25699\/revisions"}],"predecessor-version":[{"id":25702,"href":"https:\/\/www.fumssar.com.br\/index.php?rest_route=\/wp\/v2\/posts\/25699\/revisions\/25702"}],"wp:featuredmedia":[{"embeddable":true,"href":"https:\/\/www.fumssar.com.br\/index.php?rest_route=\/wp\/v2\/media\/25701"}],"wp:attachment":[{"href":"https:\/\/www.fumssar.com.br\/index.php?rest_route=%2Fwp%2Fv2%2Fmedia&parent=25699"}],"wp:term":[{"taxonomy":"category","embeddable":true,"href":"https:\/\/www.fumssar.com.br\/index.php?rest_route=%2Fwp%2Fv2%2Fcategories&post=25699"},{"taxonomy":"post_tag","embeddable":true,"href":"https:\/\/www.fumssar.com.br\/index.php?rest_route=%2Fwp%2Fv2%2Ftags&post=25699"}],"curies":[{"name":"wp","href":"https:\/\/api.w.org\/{rel}","templated":true}]}}