{"id":25685,"date":"2023-11-24T13:25:23","date_gmt":"2023-11-24T16:25:23","guid":{"rendered":"http:\/\/www.fumssar.com.br\/?p=25685"},"modified":"2024-10-07T16:29:51","modified_gmt":"2024-10-07T19:29:51","slug":"fumssar-realiza-o-i-seminario-macrorregional-de-atencao-primaria-a-saude","status":"publish","type":"post","link":"https:\/\/www.fumssar.com.br\/?p=25685","title":{"rendered":"FUMSSAR realiza o I Semin\u00e1rio Macrorregional de Aten\u00e7\u00e3o Prim\u00e1ria \u00e0 Sa\u00fade"},"content":{"rendered":"\n<figure class=\"wp-block-image\"><img loading=\"lazy\" decoding=\"async\" width=\"1024\" height=\"768\" src=\"https:\/\/www.fumssar.com.br\/wp-content\/uploads\/2023\/11\/semin\u00e1rio-fumssar-1024x768.jpeg\" alt=\"\" class=\"wp-image-25686\" srcset=\"https:\/\/www.fumssar.com.br\/wp-content\/uploads\/2023\/11\/semin\u00e1rio-fumssar-1024x768.jpeg 1024w, https:\/\/www.fumssar.com.br\/wp-content\/uploads\/2023\/11\/semin\u00e1rio-fumssar-300x225.jpeg 300w, https:\/\/www.fumssar.com.br\/wp-content\/uploads\/2023\/11\/semin\u00e1rio-fumssar-768x576.jpeg 768w\" sizes=\"(max-width: 1024px) 100vw, 1024px\" \/><\/figure>\n\n\n\n<p>A Funda\u00e7\u00e3o Municipal de Sa\u00fade de Santa Rosa realizou nesta quinta-feira (23), o I Semin\u00e1rio Macrorregional de Aten\u00e7\u00e3o Prim\u00e1ria \u00e0 Sa\u00fade \u2013 Conectando Saberes. A a\u00e7\u00e3o foi realizada no Centro C\u00edvico Cultural Ant\u00f4nio Carlos Borges e foi transmitida ao vivo pela plataforma Youtube. Mais de 750 pessoas (403 de forma presencial e 354 online) participaram do evento. A atividade contou com a presen\u00e7a de autoridades municipais e estaduais e representantes de institui\u00e7\u00f5es que fazem parte da Rede de Aten\u00e7\u00e3o Prim\u00e1ria \u00e0 Sa\u00fade &#8211; APS.<\/p>\n\n\n\n<p>As pol\u00edticas p\u00fablicas e estrat\u00e9gias para um atendimento qualificado na Aten\u00e7\u00e3o B\u00e1sica, foram alguns dos temas debatidos. O Presidente da FUMSSAR, D\u00e9lcio Stefan, destacou a import\u00e2ncia da a\u00e7\u00e3o, \u201cFoi um momento muito importante para avaliarmos os servi\u00e7os de sa\u00fade nas UBSs, pois esta \u00e9 a porta de entrada do atendimento ao cidad\u00e3o e a principal condutora dos servi\u00e7os de preven\u00e7\u00e3o ao usu\u00e1rio do Sistema \u00danico de Sa\u00fade\u201d. A programa\u00e7\u00e3o do evento contou com diversos palestrantes e profissionais especializados que atuam na \u00e1rea da aten\u00e7\u00e3o b\u00e1sica.<\/p>\n\n\n\n<p>O semin\u00e1rio teve a participa\u00e7\u00e3o da Diretora do Departamento de APS DA SES\/RS, Tatiane Pires Bernardes, que parabenizou a Funda\u00e7\u00e3o de Sa\u00fade e a gest\u00e3o municipal pela realiza\u00e7\u00e3o do evento, \u201cFoi um prazer participar de um evento como este que trata&nbsp;sobre a Aten\u00e7\u00e3o Prim\u00e1ria em Sa\u00fade. Santa Rosa est\u00e1 de parab\u00e9ns, podemos ver aqui o quanto a APS do munic\u00edpio \u00e9 comprometida, organizada, com o monitoramento perfeito e \u00f3tima cobertura tamb\u00e9m. Foi um dia de experi\u00eancias enriquecedoras, onde sa\u00edmos extremamente felizes e gratos por esta oportunidade\u201d. Na parte da tarde, foi realizada uma apresenta\u00e7\u00e3o cultural pela Orquestra Jovem Santa Rosa.<\/p>\n\n\n\n<p>A Diretora da Aten\u00e7\u00e3o Prim\u00e1ria \u00e0 Sa\u00fade da FUMSSAR, Dra. Fabiana Breitenbach, coordenadora do evento, ressaltou que Santa Rosa tem muitos avan\u00e7os a serem comemorados na APS, \u201cFoi um evento pioneiro com o tema da Aten\u00e7\u00e3o Prim\u00e1ria \u00e0 Sa\u00fade e surpreendente n\u00e3o s\u00f3 em rela\u00e7\u00e3o ao n\u00famero de participantes, mas tamb\u00e9m, pelos in\u00fameros munic\u00edpios presentes, sendo uma \u00f3tima oportunidade de aprendizado e trocas\u201d. Interessados em assistir o conte\u00fado do I Semin\u00e1rio Macrorregional da APS, podem acessar o canal da Prefeitura de Santa Rosa no Youtube: @prefeituradesantarosa1797 e acompanhar a transmiss\u00e3o que foi salva.<\/p>\n","protected":false},"excerpt":{"rendered":"<p>A Funda\u00e7\u00e3o Municipal de Sa\u00fade de Santa Rosa realizou nesta quinta-feira (23), o I Semin\u00e1rio&#8230;<\/p>\n","protected":false},"author":36,"featured_media":25686,"comment_status":"closed","ping_status":"closed","sticky":false,"template":"","format":"standard","meta":{"footnotes":""},"categories":[2],"tags":[],"_links":{"self":[{"href":"https:\/\/www.fumssar.com.br\/index.php?rest_route=\/wp\/v2\/posts\/25685"}],"collection":[{"href":"https:\/\/www.fumssar.com.br\/index.php?rest_route=\/wp\/v2\/posts"}],"about":[{"href":"https:\/\/www.fumssar.com.br\/index.php?rest_route=\/wp\/v2\/types\/post"}],"author":[{"embeddable":true,"href":"https:\/\/www.fumssar.com.br\/index.php?rest_route=\/wp\/v2\/users\/36"}],"replies":[{"embeddable":true,"href":"https:\/\/www.fumssar.com.br\/index.php?rest_route=%2Fwp%2Fv2%2Fcomments&post=25685"}],"version-history":[{"count":1,"href":"https:\/\/www.fumssar.com.br\/index.php?rest_route=\/wp\/v2\/posts\/25685\/revisions"}],"predecessor-version":[{"id":25687,"href":"https:\/\/www.fumssar.com.br\/index.php?rest_route=\/wp\/v2\/posts\/25685\/revisions\/25687"}],"wp:featuredmedia":[{"embeddable":true,"href":"https:\/\/www.fumssar.com.br\/index.php?rest_route=\/wp\/v2\/media\/25686"}],"wp:attachment":[{"href":"https:\/\/www.fumssar.com.br\/index.php?rest_route=%2Fwp%2Fv2%2Fmedia&parent=25685"}],"wp:term":[{"taxonomy":"category","embeddable":true,"href":"https:\/\/www.fumssar.com.br\/index.php?rest_route=%2Fwp%2Fv2%2Fcategories&post=25685"},{"taxonomy":"post_tag","embeddable":true,"href":"https:\/\/www.fumssar.com.br\/index.php?rest_route=%2Fwp%2Fv2%2Ftags&post=25685"}],"curies":[{"name":"wp","href":"https:\/\/api.w.org\/{rel}","templated":true}]}}