{"id":25668,"date":"2023-11-22T16:11:52","date_gmt":"2023-11-22T19:11:52","guid":{"rendered":"http:\/\/www.fumssar.com.br\/?p=25668"},"modified":"2024-10-07T16:29:51","modified_gmt":"2024-10-07T19:29:51","slug":"presidente-da-fumssar-participou-de-congresso-sobre-saude-publica-em-florianopolis","status":"publish","type":"post","link":"https:\/\/www.fumssar.com.br\/?p=25668","title":{"rendered":"Presidente da FUMSSAR participou de congresso sobre sa\u00fade p\u00fablica em Florian\u00f3polis"},"content":{"rendered":"\n<figure class=\"wp-block-image\"><img loading=\"lazy\" decoding=\"async\" width=\"860\" height=\"645\" src=\"https:\/\/www.fumssar.com.br\/wp-content\/uploads\/2023\/11\/Formato-Site-e-Portal-860X645-JPG-2023-11-21T150311.091.jpg\" alt=\"\" class=\"wp-image-25669\" srcset=\"https:\/\/www.fumssar.com.br\/wp-content\/uploads\/2023\/11\/Formato-Site-e-Portal-860X645-JPG-2023-11-21T150311.091.jpg 860w, https:\/\/www.fumssar.com.br\/wp-content\/uploads\/2023\/11\/Formato-Site-e-Portal-860X645-JPG-2023-11-21T150311.091-300x225.jpg 300w, https:\/\/www.fumssar.com.br\/wp-content\/uploads\/2023\/11\/Formato-Site-e-Portal-860X645-JPG-2023-11-21T150311.091-768x576.jpg 768w\" sizes=\"(max-width: 860px) 100vw, 860px\" \/><\/figure>\n\n\n\n<p>Entre os dias 16 e 18 de novembro, o Presidente da Funda\u00e7\u00e3o Municipal de Sa\u00fade de Santa Rosa, D\u00e9lcio Stefan, esteve presente no Congresso Sul, Sudeste e Centro-Oeste de Secretarias Municipais de Sa\u00fade. A a\u00e7\u00e3o aconteceu em Florian\u00f3polis e contou com a presen\u00e7a de diversas autoridades. O evento foi organizado pelo COSEMS\/SC e reuniu gestores municipais de sa\u00fade, representando 3.326 munic\u00edpios brasileiros.<\/p>\n\n\n\n<p>O congresso teve como tema, \u201cPrecisamos acreditar no SUS que defendemos\u201d e teve como objetivo fomentar discuss\u00f5es de n\u00edvel t\u00e9cnico e pol\u00edtico, compartilhar experi\u00eancias de gest\u00e3o e renovar as a\u00e7\u00f5es de fortalecimento do Sistema \u00danico de Sa\u00fade. Al\u00e9m disso, foi uma oportunidade para as equipes t\u00e9cnicas dos munic\u00edpios, terem acesso \u00e0s novas tecnologias para os servi\u00e7os de sa\u00fade. O Presidente da FUMSSAR, D\u00e9lcio Stefan, destacou a import\u00e2ncia de participar de encontros como este, que auxiliam na constru\u00e7\u00e3o de novos projetos e de melhorias para a sa\u00fade dos santa-rosenses, &#8220;Foi uma excelente oportunidade que nos permitiu trocar experi\u00eancias com outros gestores, mas tamb\u00e9m, que nos possibilitou a chance de explorar inova\u00e7\u00f5es tecnol\u00f3gicas que podem aprimorar significativamente os servi\u00e7os que oferecemos para a comunidade\u201d.<\/p>\n\n\n\n<p>Acompanharam o congresso junto com o Presidente da Funda\u00e7\u00e3o de Sa\u00fade, o Diretor da Rede Complementar, Marcelo Borges de Figueiredo e o Coordenador de T.I, Diego Rodrigues. O evento contou tamb\u00e9m, com a participa\u00e7\u00e3o da Organiza\u00e7\u00e3o Pan-americana de Sa\u00fade &#8211; OPAS e do Minist\u00e9rio da Sa\u00fade \u2013 MS.<\/p>\n","protected":false},"excerpt":{"rendered":"<p>Entre os dias 16 e 18 de novembro, o Presidente da Funda\u00e7\u00e3o Municipal de Sa\u00fade&#8230;<\/p>\n","protected":false},"author":36,"featured_media":25670,"comment_status":"closed","ping_status":"closed","sticky":false,"template":"","format":"standard","meta":{"footnotes":""},"categories":[2],"tags":[],"_links":{"self":[{"href":"https:\/\/www.fumssar.com.br\/index.php?rest_route=\/wp\/v2\/posts\/25668"}],"collection":[{"href":"https:\/\/www.fumssar.com.br\/index.php?rest_route=\/wp\/v2\/posts"}],"about":[{"href":"https:\/\/www.fumssar.com.br\/index.php?rest_route=\/wp\/v2\/types\/post"}],"author":[{"embeddable":true,"href":"https:\/\/www.fumssar.com.br\/index.php?rest_route=\/wp\/v2\/users\/36"}],"replies":[{"embeddable":true,"href":"https:\/\/www.fumssar.com.br\/index.php?rest_route=%2Fwp%2Fv2%2Fcomments&post=25668"}],"version-history":[{"count":1,"href":"https:\/\/www.fumssar.com.br\/index.php?rest_route=\/wp\/v2\/posts\/25668\/revisions"}],"predecessor-version":[{"id":25671,"href":"https:\/\/www.fumssar.com.br\/index.php?rest_route=\/wp\/v2\/posts\/25668\/revisions\/25671"}],"wp:featuredmedia":[{"embeddable":true,"href":"https:\/\/www.fumssar.com.br\/index.php?rest_route=\/wp\/v2\/media\/25670"}],"wp:attachment":[{"href":"https:\/\/www.fumssar.com.br\/index.php?rest_route=%2Fwp%2Fv2%2Fmedia&parent=25668"}],"wp:term":[{"taxonomy":"category","embeddable":true,"href":"https:\/\/www.fumssar.com.br\/index.php?rest_route=%2Fwp%2Fv2%2Fcategories&post=25668"},{"taxonomy":"post_tag","embeddable":true,"href":"https:\/\/www.fumssar.com.br\/index.php?rest_route=%2Fwp%2Fv2%2Ftags&post=25668"}],"curies":[{"name":"wp","href":"https:\/\/api.w.org\/{rel}","templated":true}]}}