{"id":2559,"date":"2014-09-29T13:32:47","date_gmt":"2014-09-29T13:32:47","guid":{"rendered":"http:\/\/www.fumssar.com.br\/?p=2559"},"modified":"2024-10-07T16:36:16","modified_gmt":"2024-10-07T19:36:16","slug":"participantes-das-oficinas-terapeuticas-realizaram-encontro-de-crocheteiras","status":"publish","type":"post","link":"https:\/\/www.fumssar.com.br\/?p=2559","title":{"rendered":"Participantes das Oficinas Terap\u00eauticas Realizaram Encontro de Crocheteiras"},"content":{"rendered":"<p><a href=\"http:\/\/www.fumssar.com.br\/wp-content\/uploads\/2014\/09\/crocheteiras-2.jpg\"><img loading=\"lazy\" decoding=\"async\" class=\"alignnone size-medium wp-image-2561\" alt=\"crocheteiras 2\" src=\"http:\/\/www.fumssar.com.br\/wp-content\/uploads\/2014\/09\/crocheteiras-2-300x225.jpg\" width=\"300\" height=\"225\" srcset=\"https:\/\/www.fumssar.com.br\/wp-content\/uploads\/2014\/09\/crocheteiras-2-300x225.jpg 300w, https:\/\/www.fumssar.com.br\/wp-content\/uploads\/2014\/09\/crocheteiras-2.jpg 640w\" sizes=\"(max-width: 300px) 100vw, 300px\" \/><\/a>Um encontro reuniu dezenas de crocheteiras\u00a0 na tarde desta quinta-feira,25 na localidade de Bela Uni\u00e3o em Santa Rosa, participantes das\u00a0 dezessete Oficinas Terap\u00eauticas das unidades de sa\u00fade\u00a0 do munic\u00edpio. Na oportunidade os trabalhos confeccionados pelas mulheres foram expostos\u00a0 e tamb\u00e9m, houve uma\u00a0\u00a0 a troca de experi\u00eancias(receitas)\u00a0 como elas chamam. No evento, v\u00e1rias outras atividades foram desenvolvidas tais como: Palestra sobre a viol\u00eancia contra a mulher, e o que o munic\u00edpio oferece na rede de prote\u00e7\u00e3o, atividades f\u00edsicas e de confraterniza\u00e7\u00e3o. A terapeuta ocupacional Ligia Jungs explicou que\u00a0 dentro da rede b\u00e1sica s\u00e3o realizadas diversas atividades e a confec\u00e7\u00e3o de trabalhos manuais prevalece de forma muito forte. Ela destacou que surgiu a id\u00e9ia de realizar um encontro onde\u00a0 as participantes de bairros e vilas distintas pudessem exporem os trabalhos, e desta formarem v\u00ednculos entre os grupos. O Presidente da Funda\u00e7\u00e3o Municipal de Sa\u00fade, Dr. Lu\u00eds Ant\u00f4nio Benvegn\u00fa, prestigiou o evento acompanhado de diretores da autarquia e enalteceu o evento destacando as formas\u00a0 de fazer sa\u00fade em Santa Rosa. \u201c quando se fala em sa\u00fade, logo as pessoas pensam em postos de sa\u00fade ou m\u00e9dicos,o que vemos aqui \u00e9 algo totalmente diferente\u201d referiu o presidente\u00a0 no sentido em que as atividades realizadas pelos grupos terap\u00eauticos fazem parte das a\u00e7\u00f5es de sa\u00fade preventiva.<\/p>\n<p><b>\u00a0<\/b><\/p>\n<p><b>\u00a0<\/b><\/p>\n","protected":false},"excerpt":{"rendered":"<p>Um encontro reuniu dezenas de crocheteiras\u00a0 na tarde desta quinta-feira,25 na localidade de Bela Uni\u00e3o&#8230;<\/p>\n","protected":false},"author":11,"featured_media":2560,"comment_status":"open","ping_status":"open","sticky":false,"template":"","format":"standard","meta":{"footnotes":""},"categories":[2],"tags":[],"_links":{"self":[{"href":"https:\/\/www.fumssar.com.br\/index.php?rest_route=\/wp\/v2\/posts\/2559"}],"collection":[{"href":"https:\/\/www.fumssar.com.br\/index.php?rest_route=\/wp\/v2\/posts"}],"about":[{"href":"https:\/\/www.fumssar.com.br\/index.php?rest_route=\/wp\/v2\/types\/post"}],"author":[{"embeddable":true,"href":"https:\/\/www.fumssar.com.br\/index.php?rest_route=\/wp\/v2\/users\/11"}],"replies":[{"embeddable":true,"href":"https:\/\/www.fumssar.com.br\/index.php?rest_route=%2Fwp%2Fv2%2Fcomments&post=2559"}],"version-history":[{"count":1,"href":"https:\/\/www.fumssar.com.br\/index.php?rest_route=\/wp\/v2\/posts\/2559\/revisions"}],"predecessor-version":[{"id":2562,"href":"https:\/\/www.fumssar.com.br\/index.php?rest_route=\/wp\/v2\/posts\/2559\/revisions\/2562"}],"wp:featuredmedia":[{"embeddable":true,"href":"https:\/\/www.fumssar.com.br\/index.php?rest_route=\/wp\/v2\/media\/2560"}],"wp:attachment":[{"href":"https:\/\/www.fumssar.com.br\/index.php?rest_route=%2Fwp%2Fv2%2Fmedia&parent=2559"}],"wp:term":[{"taxonomy":"category","embeddable":true,"href":"https:\/\/www.fumssar.com.br\/index.php?rest_route=%2Fwp%2Fv2%2Fcategories&post=2559"},{"taxonomy":"post_tag","embeddable":true,"href":"https:\/\/www.fumssar.com.br\/index.php?rest_route=%2Fwp%2Fv2%2Ftags&post=2559"}],"curies":[{"name":"wp","href":"https:\/\/api.w.org\/{rel}","templated":true}]}}