{"id":25549,"date":"2023-11-07T15:32:18","date_gmt":"2023-11-07T18:32:18","guid":{"rendered":"http:\/\/www.fumssar.com.br\/?p=25549"},"modified":"2024-10-07T16:29:51","modified_gmt":"2024-10-07T19:29:51","slug":"mais-de-mil-jovens-participaram-do-2o-encontro-municipal-da-juventude-de-santa-rosa","status":"publish","type":"post","link":"https:\/\/www.fumssar.com.br\/?p=25549","title":{"rendered":"Mais de mil jovens participaram do 2\u00ba Encontro Municipal da Juventude de Santa Rosa"},"content":{"rendered":"\n<figure class=\"wp-block-image\"><img loading=\"lazy\" decoding=\"async\" width=\"860\" height=\"645\" src=\"https:\/\/www.fumssar.com.br\/wp-content\/uploads\/2023\/11\/Formato-Site-e-Portal-860X645-JPG-2023-11-07T151839.278.jpg\" alt=\"\" class=\"wp-image-25550\" srcset=\"https:\/\/www.fumssar.com.br\/wp-content\/uploads\/2023\/11\/Formato-Site-e-Portal-860X645-JPG-2023-11-07T151839.278.jpg 860w, https:\/\/www.fumssar.com.br\/wp-content\/uploads\/2023\/11\/Formato-Site-e-Portal-860X645-JPG-2023-11-07T151839.278-300x225.jpg 300w, https:\/\/www.fumssar.com.br\/wp-content\/uploads\/2023\/11\/Formato-Site-e-Portal-860X645-JPG-2023-11-07T151839.278-768x576.jpg 768w\" sizes=\"(max-width: 860px) 100vw, 860px\" \/><\/figure>\n\n\n\n<p>A\nsemana iniciou com um encontro muito especial de promo\u00e7\u00e3o da sa\u00fade dos jovens\nsanta-rosenses. O Conselho Municipal da Juventude de Santa Rosa \u2013 COMJUVE, em\nparceria com a Prefeitura (Secretaria de Educa\u00e7\u00e3o e Cultura) e a FUMSSAR, realizou\nnesta segunda-feira (06), o 2\u00ba Encontro Municipal da Juventude. O evento\nocorreu no Centro C\u00edvico Cultural Ant\u00f4nio Carlos Borges e reuniu mais de mil\nparticipantes.<\/p>\n\n\n\n<p>Na\noportunidade, foram realizadas diversas atividades voltadas para o p\u00fablico\njovem. A Secret\u00e1ria de Educa\u00e7\u00e3o e Cultura, Lires Zimmermann, destacou a a\u00e7\u00e3o, \u201cEsse\nencontro \u00e9 de extrema import\u00e2ncia para que possamos avan\u00e7ar nas a\u00e7\u00f5es educativas,\nde bem-estar e da sa\u00fade dos nossos jovens. Estamos realizando diversas\natividades ao longo do ano e todas, assim como essa, s\u00e3o fundamentais para promover\nainda mais, a qualidade de vida da nossa popula\u00e7\u00e3o\u201d. Entre as a\u00e7\u00f5es\nprogramadas, o evento contou com a participa\u00e7\u00e3o do M\u00e9dico Hebiatra\n(especialidade voltada para o cuidado dos adolescentes e jovens), Dr. Felipe\nFortes, que palestrou nos turnos manh\u00e3 e tarde.<\/p>\n\n\n\n<p>Foram\nabordados temas de promo\u00e7\u00e3o \u00e0 sa\u00fade dos jovens, como dicas para uma rotina de\nqualidade (alimenta\u00e7\u00e3o, sono, sa\u00fade mental), os malef\u00edcios do uso excessivo de\ntelas, mudan\u00e7as f\u00edsicas t\u00edpicas desse ciclo da vida, entre outros comportamentos\ne situa\u00e7\u00f5es comuns nessa faixa et\u00e1ria. A Presidente do COMJUVE, Gabriela Graef\nKuhn, ressaltou que o evento foi pensado para atrair o jovem, em uma linguagem\npr\u00f3pria, acess\u00edvel e com a\u00e7\u00f5es que promovam mais sa\u00fade e qualidade de vida, \u201cFicamos\nmuito contentes em ver o centro c\u00edvico lotado de adolescentes e jovens participando\ndo nosso encontro. Foi um momento muito especial de integra\u00e7\u00e3o, aprendizado, com\natividades leves, bem-humoradas, com a nossa cara\u201d.<\/p>\n\n\n\n<p>O\nCOMJUVE \u00e9 um \u00f3rg\u00e3o de car\u00e1ter consultivo, que tem como objetivo assegurar que\nas pol\u00edticas p\u00fablicas da juventude sejam implementadas no munic\u00edpio. Al\u00e9m\ndisso, contribui para a integra\u00e7\u00e3o social, pol\u00edtica, econ\u00f4mica e cultural dos\njovens na sociedade. As a\u00e7\u00f5es desenvolvidas pelo conselho, complementam o\nEstatuto da Juventude.<\/p>\n","protected":false},"excerpt":{"rendered":"<p>A semana iniciou com um encontro muito especial de promo\u00e7\u00e3o da sa\u00fade dos jovens santa-rosenses&#8230;.<\/p>\n","protected":false},"author":36,"featured_media":25551,"comment_status":"closed","ping_status":"closed","sticky":false,"template":"","format":"standard","meta":{"footnotes":""},"categories":[2],"tags":[],"_links":{"self":[{"href":"https:\/\/www.fumssar.com.br\/index.php?rest_route=\/wp\/v2\/posts\/25549"}],"collection":[{"href":"https:\/\/www.fumssar.com.br\/index.php?rest_route=\/wp\/v2\/posts"}],"about":[{"href":"https:\/\/www.fumssar.com.br\/index.php?rest_route=\/wp\/v2\/types\/post"}],"author":[{"embeddable":true,"href":"https:\/\/www.fumssar.com.br\/index.php?rest_route=\/wp\/v2\/users\/36"}],"replies":[{"embeddable":true,"href":"https:\/\/www.fumssar.com.br\/index.php?rest_route=%2Fwp%2Fv2%2Fcomments&post=25549"}],"version-history":[{"count":1,"href":"https:\/\/www.fumssar.com.br\/index.php?rest_route=\/wp\/v2\/posts\/25549\/revisions"}],"predecessor-version":[{"id":25552,"href":"https:\/\/www.fumssar.com.br\/index.php?rest_route=\/wp\/v2\/posts\/25549\/revisions\/25552"}],"wp:featuredmedia":[{"embeddable":true,"href":"https:\/\/www.fumssar.com.br\/index.php?rest_route=\/wp\/v2\/media\/25551"}],"wp:attachment":[{"href":"https:\/\/www.fumssar.com.br\/index.php?rest_route=%2Fwp%2Fv2%2Fmedia&parent=25549"}],"wp:term":[{"taxonomy":"category","embeddable":true,"href":"https:\/\/www.fumssar.com.br\/index.php?rest_route=%2Fwp%2Fv2%2Fcategories&post=25549"},{"taxonomy":"post_tag","embeddable":true,"href":"https:\/\/www.fumssar.com.br\/index.php?rest_route=%2Fwp%2Fv2%2Ftags&post=25549"}],"curies":[{"name":"wp","href":"https:\/\/api.w.org\/{rel}","templated":true}]}}