{"id":25539,"date":"2023-11-06T11:10:43","date_gmt":"2023-11-06T14:10:43","guid":{"rendered":"http:\/\/www.fumssar.com.br\/?p=25539"},"modified":"2024-10-07T16:29:51","modified_gmt":"2024-10-07T19:29:51","slug":"fumssar-divulga-o-4o-levantamento-do-ano-do-indice-de-dengue-em-santa-rosa","status":"publish","type":"post","link":"https:\/\/www.fumssar.com.br\/?p=25539","title":{"rendered":"FUMSSAR divulga o 4\u00ba levantamento do ano do \u00edndice de Dengue em Santa Rosa"},"content":{"rendered":"\n<figure class=\"wp-block-image\"><img loading=\"lazy\" decoding=\"async\" width=\"860\" height=\"645\" src=\"https:\/\/www.fumssar.com.br\/wp-content\/uploads\/2023\/11\/Formato-Site-e-Portal-860X645-JPG-2023-11-06T110518.115.jpg\" alt=\"\" class=\"wp-image-25540\" srcset=\"https:\/\/www.fumssar.com.br\/wp-content\/uploads\/2023\/11\/Formato-Site-e-Portal-860X645-JPG-2023-11-06T110518.115.jpg 860w, https:\/\/www.fumssar.com.br\/wp-content\/uploads\/2023\/11\/Formato-Site-e-Portal-860X645-JPG-2023-11-06T110518.115-300x225.jpg 300w, https:\/\/www.fumssar.com.br\/wp-content\/uploads\/2023\/11\/Formato-Site-e-Portal-860X645-JPG-2023-11-06T110518.115-768x576.jpg 768w\" sizes=\"(max-width: 860px) 100vw, 860px\" \/><\/figure>\n\n\n\n<p>A\nFUMSSAR por meio da Vigil\u00e2ncia Ambiental, divulgou nesta segunda-feira (06), o\nresultado do 4\u00ba Levantamento de \u00cdndice R\u00e1pido para o Aedes aegypti (LIRAa) de\n2023. Conforme os dados obtidos, Santa Rosa apresentou m\u00e9dio risco de\ninfesta\u00e7\u00e3o de dengue, febre de chikungunya e zika v\u00edrus.&nbsp; A pesquisa realizada neste m\u00eas de outubro, em\n1.380 im\u00f3veis do munic\u00edpio, demonstrou que 1,5% dos locais vistoriados contam\ncom a presen\u00e7a do mosquito transmissor da dengue.<\/p>\n\n\n\n<p>O\nLIRAa \u00e9 uma a\u00e7\u00e3o desenvolvida pelo Minist\u00e9rio da Sa\u00fade, que permite a\nidentifica\u00e7\u00e3o de \u00e1reas com maior ocorr\u00eancia de focos, bem como, dos criadouros\npredominantes, indicando o risco de infesta\u00e7\u00e3o do mosquito Aedes aegypti. A\natividade \u00e9 realizada periodicamente, quatro vezes ao ano, por meio da vistoria\nem im\u00f3veis do munic\u00edpio para definir o \u00cdndice de Infesta\u00e7\u00e3o Predial (IIP) e o\n\u00cdndice de Infesta\u00e7\u00e3o em Dep\u00f3sitos (\u00cdndice de Breteau \u2013 IB). O Gerente das\nVigil\u00e2ncias, Jairo Beal, destaca que nesta \u00e9poca do ano, os cidad\u00e3os precisam\nredobrar os cuidados e refor\u00e7ar as medidas de preven\u00e7\u00e3o, \u201cO ver\u00e3o se aproxima e\nas altas temperaturas favorecem a prolifera\u00e7\u00e3o do mosquito. Dessa forma, estamos\nintensificando os trabalhos de vistoria, mutir\u00f5es de limpeza e fiscaliza\u00e7\u00e3o.\nPedimos o apoio e coopera\u00e7\u00e3o da popula\u00e7\u00e3o, com cuidados simples, mas que fazem\ntoda a diferen\u00e7a, como: eliminar a \u00e1gua parada em vasos de plantas, pneus,\ngarrafas pl\u00e1sticas, piscinas sem uso e sem manuten\u00e7\u00e3o, entre outras a\u00e7\u00f5es\npreventivas\u201d.<\/p>\n\n\n\n<p>De\nacordo com as Diretrizes Nacionais para Preven\u00e7\u00e3o e Controle de Epidemias de\nDengue (2009), os par\u00e2metros para classifica\u00e7\u00e3o dos estratos e dos munic\u00edpios,\nquanto \u00e0 infesta\u00e7\u00e3o pelo Aedes aegypti s\u00e3o: menor que 0,9% \u2013 Baixo Risco; de 1%\na 3,99% \u2013 M\u00e9dio Risco e acima de 3,99% \u2013 Alto Risco. Este levantamento\nrealizado em outubro, mostrou os seguintes resultados: Estrato 01 = 0,4,\nEstrato 02 = 1,9 e Estrato 03 = 2,1, sendo ent\u00e3o a m\u00e9dia geral de Santa Rosa = 1,5,\napresentando assim, m\u00e9dio risco para o mun\u00edcipio. <\/p>\n","protected":false},"excerpt":{"rendered":"<p>A FUMSSAR por meio da Vigil\u00e2ncia Ambiental, divulgou nesta segunda-feira (06), o resultado do 4\u00ba&#8230;<\/p>\n","protected":false},"author":36,"featured_media":25541,"comment_status":"closed","ping_status":"closed","sticky":false,"template":"","format":"standard","meta":{"footnotes":""},"categories":[2],"tags":[],"_links":{"self":[{"href":"https:\/\/www.fumssar.com.br\/index.php?rest_route=\/wp\/v2\/posts\/25539"}],"collection":[{"href":"https:\/\/www.fumssar.com.br\/index.php?rest_route=\/wp\/v2\/posts"}],"about":[{"href":"https:\/\/www.fumssar.com.br\/index.php?rest_route=\/wp\/v2\/types\/post"}],"author":[{"embeddable":true,"href":"https:\/\/www.fumssar.com.br\/index.php?rest_route=\/wp\/v2\/users\/36"}],"replies":[{"embeddable":true,"href":"https:\/\/www.fumssar.com.br\/index.php?rest_route=%2Fwp%2Fv2%2Fcomments&post=25539"}],"version-history":[{"count":1,"href":"https:\/\/www.fumssar.com.br\/index.php?rest_route=\/wp\/v2\/posts\/25539\/revisions"}],"predecessor-version":[{"id":25542,"href":"https:\/\/www.fumssar.com.br\/index.php?rest_route=\/wp\/v2\/posts\/25539\/revisions\/25542"}],"wp:featuredmedia":[{"embeddable":true,"href":"https:\/\/www.fumssar.com.br\/index.php?rest_route=\/wp\/v2\/media\/25541"}],"wp:attachment":[{"href":"https:\/\/www.fumssar.com.br\/index.php?rest_route=%2Fwp%2Fv2%2Fmedia&parent=25539"}],"wp:term":[{"taxonomy":"category","embeddable":true,"href":"https:\/\/www.fumssar.com.br\/index.php?rest_route=%2Fwp%2Fv2%2Fcategories&post=25539"},{"taxonomy":"post_tag","embeddable":true,"href":"https:\/\/www.fumssar.com.br\/index.php?rest_route=%2Fwp%2Fv2%2Ftags&post=25539"}],"curies":[{"name":"wp","href":"https:\/\/api.w.org\/{rel}","templated":true}]}}