{"id":25529,"date":"2023-11-03T09:53:03","date_gmt":"2023-11-03T12:53:03","guid":{"rendered":"http:\/\/www.fumssar.com.br\/?p=25529"},"modified":"2024-10-07T16:29:52","modified_gmt":"2024-10-07T19:29:52","slug":"2o-encontro-municipal-da-juventude-vai-acontecer-na-proxima-segunda-feira","status":"publish","type":"post","link":"https:\/\/www.fumssar.com.br\/?p=25529","title":{"rendered":"2\u00ba Encontro Municipal da Juventude vai acontecer na pr\u00f3xima segunda-feira"},"content":{"rendered":"\n<figure class=\"wp-block-image\"><img loading=\"lazy\" decoding=\"async\" width=\"860\" height=\"645\" src=\"https:\/\/www.fumssar.com.br\/wp-content\/uploads\/2023\/11\/Formato-Site-e-Portal-860X645-JPG-2023-11-03T094847.072.jpg\" alt=\"\" class=\"wp-image-25530\" srcset=\"https:\/\/www.fumssar.com.br\/wp-content\/uploads\/2023\/11\/Formato-Site-e-Portal-860X645-JPG-2023-11-03T094847.072.jpg 860w, https:\/\/www.fumssar.com.br\/wp-content\/uploads\/2023\/11\/Formato-Site-e-Portal-860X645-JPG-2023-11-03T094847.072-300x225.jpg 300w, https:\/\/www.fumssar.com.br\/wp-content\/uploads\/2023\/11\/Formato-Site-e-Portal-860X645-JPG-2023-11-03T094847.072-768x576.jpg 768w\" sizes=\"(max-width: 860px) 100vw, 860px\" \/><\/figure>\n\n\n\n<p>Os\njovens santa-rosenses j\u00e1 t\u00eam encontro marcado na pr\u00f3xima semana. A Prefeitura atrav\u00e9s\ndo Conselho Municipal da Juventude de Santa Rosa &#8211; COMJUVE vai realizar na segunda-feira\n(06), o 2\u00ba Encontro Municipal da Juventude. O evento ser\u00e1 realizado no Centro\nC\u00edvico Cultural Ant\u00f4nio Carlos Borges, em dois turnos, manh\u00e3 e tarde.<\/p>\n\n\n\n<p>Na\noportunidade, ser\u00e3o realizadas diversas atividades voltadas para o p\u00fablico jovem.\nEntre as a\u00e7\u00f5es programadas, o evento vai contar com a participa\u00e7\u00e3o do M\u00e9dico\nHebiatra (especialidade voltada para o cuidado dos adolescentes e jovens), Dr.\nFelipe Fortes, que ir\u00e1 palestrar sobre temas como: puberdade, estir\u00e3o de\ncrescimento, mudan\u00e7as f\u00edsicas t\u00edpicas desse ciclo da vida, al\u00e9m de dar dicas de\ncomo lidar com as transforma\u00e7\u00f5es psicossociais comuns nessa faixa et\u00e1ria. A\nPresidente do COMJUVE, Gabriela Graef Kuhn, destaca a import\u00e2ncia de incentivar\na participa\u00e7\u00e3o dos jovens em a\u00e7\u00f5es como esta, \u201cAssim como na edi\u00e7\u00e3o anterior,\nbuscamos para este ano preparar um evento atrativo para os jovens de Santa Rosa.\nSer\u00e1 um dia muito produtivo, com muita informa\u00e7\u00e3o, intera\u00e7\u00e3o e atividades\u201d.<\/p>\n\n\n\n<p>O\nevento \u00e9 gratuito e aberto para toda a comunidade. A a\u00e7\u00e3o conta com o apoio e\nparceria da Secretaria de Educa\u00e7\u00e3o e Cultura e da FUMSSAR.<\/p>\n","protected":false},"excerpt":{"rendered":"<p>Os jovens santa-rosenses j\u00e1 t\u00eam encontro marcado na pr\u00f3xima semana. A Prefeitura atrav\u00e9s do Conselho&#8230;<\/p>\n","protected":false},"author":36,"featured_media":25531,"comment_status":"closed","ping_status":"closed","sticky":false,"template":"","format":"standard","meta":{"footnotes":""},"categories":[2],"tags":[],"_links":{"self":[{"href":"https:\/\/www.fumssar.com.br\/index.php?rest_route=\/wp\/v2\/posts\/25529"}],"collection":[{"href":"https:\/\/www.fumssar.com.br\/index.php?rest_route=\/wp\/v2\/posts"}],"about":[{"href":"https:\/\/www.fumssar.com.br\/index.php?rest_route=\/wp\/v2\/types\/post"}],"author":[{"embeddable":true,"href":"https:\/\/www.fumssar.com.br\/index.php?rest_route=\/wp\/v2\/users\/36"}],"replies":[{"embeddable":true,"href":"https:\/\/www.fumssar.com.br\/index.php?rest_route=%2Fwp%2Fv2%2Fcomments&post=25529"}],"version-history":[{"count":1,"href":"https:\/\/www.fumssar.com.br\/index.php?rest_route=\/wp\/v2\/posts\/25529\/revisions"}],"predecessor-version":[{"id":25532,"href":"https:\/\/www.fumssar.com.br\/index.php?rest_route=\/wp\/v2\/posts\/25529\/revisions\/25532"}],"wp:featuredmedia":[{"embeddable":true,"href":"https:\/\/www.fumssar.com.br\/index.php?rest_route=\/wp\/v2\/media\/25531"}],"wp:attachment":[{"href":"https:\/\/www.fumssar.com.br\/index.php?rest_route=%2Fwp%2Fv2%2Fmedia&parent=25529"}],"wp:term":[{"taxonomy":"category","embeddable":true,"href":"https:\/\/www.fumssar.com.br\/index.php?rest_route=%2Fwp%2Fv2%2Fcategories&post=25529"},{"taxonomy":"post_tag","embeddable":true,"href":"https:\/\/www.fumssar.com.br\/index.php?rest_route=%2Fwp%2Fv2%2Ftags&post=25529"}],"curies":[{"name":"wp","href":"https:\/\/api.w.org\/{rel}","templated":true}]}}