{"id":25522,"date":"2023-11-01T17:06:04","date_gmt":"2023-11-01T20:06:04","guid":{"rendered":"http:\/\/www.fumssar.com.br\/?p=25522"},"modified":"2024-10-07T16:29:52","modified_gmt":"2024-10-07T19:29:52","slug":"33o-congresso-do-cosems-rs-tem-trabalhos-de-santa-rosa-como-destaque","status":"publish","type":"post","link":"https:\/\/www.fumssar.com.br\/?p=25522","title":{"rendered":"33\u00ba Congresso do COSEMS\/RS tem trabalhos de Santa Rosa como destaque"},"content":{"rendered":"\n<figure class=\"wp-block-image\"><img loading=\"lazy\" decoding=\"async\" width=\"860\" height=\"645\" src=\"https:\/\/www.fumssar.com.br\/wp-content\/uploads\/2023\/11\/Formato-Site-e-Portal-860X645-JPG-2023-11-01T170053.637.jpg\" alt=\"\" class=\"wp-image-25523\" srcset=\"https:\/\/www.fumssar.com.br\/wp-content\/uploads\/2023\/11\/Formato-Site-e-Portal-860X645-JPG-2023-11-01T170053.637.jpg 860w, https:\/\/www.fumssar.com.br\/wp-content\/uploads\/2023\/11\/Formato-Site-e-Portal-860X645-JPG-2023-11-01T170053.637-300x225.jpg 300w, https:\/\/www.fumssar.com.br\/wp-content\/uploads\/2023\/11\/Formato-Site-e-Portal-860X645-JPG-2023-11-01T170053.637-768x576.jpg 768w\" sizes=\"(max-width: 860px) 100vw, 860px\" \/><\/figure>\n\n\n\n<p>O\nPresidente da Funda\u00e7\u00e3o Municipal de Sa\u00fade de Santa Rosa, D\u00e9lcio Stefan acompanhado\nde uma equipe de servidores e tamb\u00e9m da Diretora do Hospital Vida e Sa\u00fade,\nVanderli de Barros, estiveram em Bento Gon\u00e7alves nos dias 30 e 31 de outubro,\nparticipando do 33\u00ba Congresso do Conselho das Secretarias Municipais de Sa\u00fade\ndo Rio Grande do Sul \u2013 COSEMS\/RS. Dentre as atividades propostas, o objetivo do\nevento foi promover a discuss\u00e3o e o fortalecimento das Redes de Aten\u00e7\u00e3o \u00e0 Sa\u00fade\n&#8211; RAS, visando melhorias na assist\u00eancia \u00e0 sa\u00fade.<\/p>\n\n\n\n<p>O\ncongresso teve como tema central: &#8220;IntegraSUS &#8211; Fortalecendo a integra\u00e7\u00e3o\ndas Redes de Aten\u00e7\u00e3o do SUS Ga\u00facho&#8221;. Na oportunidade, foi realizada a\nmostra de experi\u00eancias exitosas \u201cMostra Teu SUS, Rio Grande do Sul\u201d com 271\ntrabalhos inscritos e 30 selecionados. Destes trinta, tr\u00eas foram projetos encaminhados\npela FUMSSAR. Durante a programa\u00e7\u00e3o, o Presidente da Funda\u00e7\u00e3o, D\u00e9lcio Stefan\nparticipou como mediador da atividade sobre: \u201cContas p\u00fablicas, do Or\u00e7amento \u00e0\nAten\u00e7\u00e3o \u00e0 Sa\u00fade: an\u00e1lise da execu\u00e7\u00e3o dos recursos financeiros no SUS\u201d e destacou\nque foi uma grande oportunidade de compartilhar experi\u00eancias e aprendizados, \u201cEste\n\u00e9 um momento muito especial que temos todos os anos, de encontrar os colegas\nsecret\u00e1rios, gestores, t\u00e9cnicos do Minist\u00e9rio da Sa\u00fade, Secret\u00e1ria de Sa\u00fade do\nRS, trocar ideias e compartilhar experi\u00eancias de sa\u00fade p\u00fablica. Dessa vez, mais\nainda, pois podemos apresentar alguns trabalhos desenvolvidos em Santa Rosa e\nque foram destaque no nosso estado e pa\u00eds\u201d.<\/p>\n\n\n\n<p>No\nevento, servidoras da FUMSSAR apresentaram os 3 projetos selecionados, foram\neles: \u201cCMR TEAcolhe Santa Rosa: novos olhares e fortalecimento das redes de\ncuidado no autismo\u201d, apresentado pela psic\u00f3loga e gerente da RAPS, Fl\u00e1via\nAlbuquerque. O projeto demonstrou os resultados alcan\u00e7ados pelo CMR TEAcolhe Santa\nRosa desde a inaugura\u00e7\u00e3o em 2021 e o trabalho em rede de cuidados que vem sendo\ndesenvolvido na Macromissioneira de sa\u00fade; \u201cCAPS &#8211; Musicalizando a Alegria de\nViver\u201d, apresentado pela assistente social M\u00e1rcia Quinsani, sendo um relato do\nprojeto que acontece no CAPS AD Movimento e CAPS II Novo Rumo, em parceria com\na Escola de M\u00fasica Recital e o projeto \u201cVacina\u00e7\u00e3o COVID: a certeza de dias\nmelhores\u201d, apresentado pela enfermeira Michele Lachno, que relata a estrat\u00e9gia\nadotada pela FUMSSAR atrav\u00e9s do setor de vigil\u00e2ncia epidemiol\u00f3gica para a\nimuniza\u00e7\u00e3o contra a COVID-19, dos grupos priorit\u00e1rios em 2021.<\/p>\n","protected":false},"excerpt":{"rendered":"<p>O Presidente da Funda\u00e7\u00e3o Municipal de Sa\u00fade de Santa Rosa, D\u00e9lcio Stefan acompanhado de uma&#8230;<\/p>\n","protected":false},"author":36,"featured_media":25524,"comment_status":"closed","ping_status":"closed","sticky":false,"template":"","format":"standard","meta":{"footnotes":""},"categories":[2],"tags":[],"_links":{"self":[{"href":"https:\/\/www.fumssar.com.br\/index.php?rest_route=\/wp\/v2\/posts\/25522"}],"collection":[{"href":"https:\/\/www.fumssar.com.br\/index.php?rest_route=\/wp\/v2\/posts"}],"about":[{"href":"https:\/\/www.fumssar.com.br\/index.php?rest_route=\/wp\/v2\/types\/post"}],"author":[{"embeddable":true,"href":"https:\/\/www.fumssar.com.br\/index.php?rest_route=\/wp\/v2\/users\/36"}],"replies":[{"embeddable":true,"href":"https:\/\/www.fumssar.com.br\/index.php?rest_route=%2Fwp%2Fv2%2Fcomments&post=25522"}],"version-history":[{"count":1,"href":"https:\/\/www.fumssar.com.br\/index.php?rest_route=\/wp\/v2\/posts\/25522\/revisions"}],"predecessor-version":[{"id":25525,"href":"https:\/\/www.fumssar.com.br\/index.php?rest_route=\/wp\/v2\/posts\/25522\/revisions\/25525"}],"wp:featuredmedia":[{"embeddable":true,"href":"https:\/\/www.fumssar.com.br\/index.php?rest_route=\/wp\/v2\/media\/25524"}],"wp:attachment":[{"href":"https:\/\/www.fumssar.com.br\/index.php?rest_route=%2Fwp%2Fv2%2Fmedia&parent=25522"}],"wp:term":[{"taxonomy":"category","embeddable":true,"href":"https:\/\/www.fumssar.com.br\/index.php?rest_route=%2Fwp%2Fv2%2Fcategories&post=25522"},{"taxonomy":"post_tag","embeddable":true,"href":"https:\/\/www.fumssar.com.br\/index.php?rest_route=%2Fwp%2Fv2%2Ftags&post=25522"}],"curies":[{"name":"wp","href":"https:\/\/api.w.org\/{rel}","templated":true}]}}