{"id":2552,"date":"2014-09-26T20:17:24","date_gmt":"2014-09-26T20:17:24","guid":{"rendered":"http:\/\/www.fumssar.com.br\/?p=2552"},"modified":"2024-10-07T16:36:16","modified_gmt":"2024-10-07T19:36:16","slug":"nota-de-esclarecimento","status":"publish","type":"post","link":"https:\/\/www.fumssar.com.br\/?p=2552","title":{"rendered":"NOTA DE ESCLARECIMENTO"},"content":{"rendered":"<p align=\"right\">Santa Rosa, 25 de setembro de 2014<\/p>\n<p align=\"center\"><b>\u00a0<\/b><\/p>\n<p align=\"center\"><b>\u00a0<\/b><\/p>\n<p align=\"center\"><b>NOTA DE ESCLARECIMENTO \u00c0S EQUIPES DE SA\u00daDE<\/b><\/p>\n<p align=\"center\"><b>\u00a0<\/b><\/p>\n<p align=\"center\">\n<p>&nbsp;<\/p>\n<p>Informamos que no per\u00edodo da manh\u00e3 do dia 25\/09, durante atividade de vacina\u00e7\u00e3o com a vacina HPV na Escola Municipal Francisco Xavier Giordani, realizada pela equipe de sa\u00fade do Bairro Planalto, cinco adolescentes tiveram mal-estar ap\u00f3s a vacina\u00e7\u00e3o e uma passou mal antes mesmo de ser vacinada. Elas apresentaram tontura, palidez, sensa\u00e7\u00e3o de desmaio e parestesia em membros inferiores (em duas delas). Viemos atrav\u00e9s deste esclarecer que, conforme Nota Informativa N\u00ba 109\/2014 do Minist\u00e9rio da Sa\u00fade divulgada por e- mail a todas as UBSs, a rea\u00e7\u00e3o psicog\u00eanica em massa \u00e9 um evento esperado que pode ocorrer em crian\u00e7as e adolescentes sob estresse f\u00edsico e emocional, sendo mais freq\u00fcentes em grupos fechados, como alunos de uma mesma escola. A rea\u00e7\u00e3o psicog\u00eanica tem sido relatada em diversos pa\u00edses, inclusive houve o relato de sua ocorr\u00eancia tamb\u00e9m no munic\u00edpio de Bertioga-SP recentemente, bastante veiculado na m\u00eddia.<\/p>\n<p>Sendo assim, informamos que os casos acima relatados est\u00e3o sendo acompanhados pela UBS e Vigil\u00e2ncia em Sa\u00fade. Refor\u00e7amos que as atividades de vacina\u00e7\u00e3o contra o HPV devem continuar normalmente.<\/p>\n<p align=\"center\">\n<p align=\"center\">Atenciosamente,<\/p>\n<p align=\"center\">\n<p align=\"center\">\n<p align=\"center\">K\u00e1tia Kaffka dos Reis<\/p>\n<p align=\"right\">Enfermeira \u2013 Vigil\u00e2ncia em Sa\u00fade<\/p>\n<p align=\"right\">COREN 107061<\/p>\n","protected":false},"excerpt":{"rendered":"<p>Santa Rosa, 25 de setembro de 2014 \u00a0 \u00a0 NOTA DE ESCLARECIMENTO \u00c0S EQUIPES DE&#8230;<\/p>\n","protected":false},"author":11,"featured_media":2553,"comment_status":"open","ping_status":"open","sticky":false,"template":"","format":"standard","meta":{"footnotes":""},"categories":[2],"tags":[],"_links":{"self":[{"href":"https:\/\/www.fumssar.com.br\/index.php?rest_route=\/wp\/v2\/posts\/2552"}],"collection":[{"href":"https:\/\/www.fumssar.com.br\/index.php?rest_route=\/wp\/v2\/posts"}],"about":[{"href":"https:\/\/www.fumssar.com.br\/index.php?rest_route=\/wp\/v2\/types\/post"}],"author":[{"embeddable":true,"href":"https:\/\/www.fumssar.com.br\/index.php?rest_route=\/wp\/v2\/users\/11"}],"replies":[{"embeddable":true,"href":"https:\/\/www.fumssar.com.br\/index.php?rest_route=%2Fwp%2Fv2%2Fcomments&post=2552"}],"version-history":[{"count":1,"href":"https:\/\/www.fumssar.com.br\/index.php?rest_route=\/wp\/v2\/posts\/2552\/revisions"}],"predecessor-version":[{"id":2554,"href":"https:\/\/www.fumssar.com.br\/index.php?rest_route=\/wp\/v2\/posts\/2552\/revisions\/2554"}],"wp:featuredmedia":[{"embeddable":true,"href":"https:\/\/www.fumssar.com.br\/index.php?rest_route=\/wp\/v2\/media\/2553"}],"wp:attachment":[{"href":"https:\/\/www.fumssar.com.br\/index.php?rest_route=%2Fwp%2Fv2%2Fmedia&parent=2552"}],"wp:term":[{"taxonomy":"category","embeddable":true,"href":"https:\/\/www.fumssar.com.br\/index.php?rest_route=%2Fwp%2Fv2%2Fcategories&post=2552"},{"taxonomy":"post_tag","embeddable":true,"href":"https:\/\/www.fumssar.com.br\/index.php?rest_route=%2Fwp%2Fv2%2Ftags&post=2552"}],"curies":[{"name":"wp","href":"https:\/\/api.w.org\/{rel}","templated":true}]}}