{"id":25513,"date":"2023-10-27T17:09:59","date_gmt":"2023-10-27T20:09:59","guid":{"rendered":"http:\/\/www.fumssar.com.br\/?p=25513"},"modified":"2024-10-07T16:29:52","modified_gmt":"2024-10-07T19:29:52","slug":"presidente-da-fumssar-participa-de-oficina-do-planejamento-regional-integrado","status":"publish","type":"post","link":"https:\/\/www.fumssar.com.br\/?p=25513","title":{"rendered":"Presidente da FUMSSAR participa de Oficina do Planejamento Regional Integrado"},"content":{"rendered":"\n<figure class=\"wp-block-image\"><img loading=\"lazy\" decoding=\"async\" width=\"860\" height=\"645\" src=\"https:\/\/www.fumssar.com.br\/wp-content\/uploads\/2023\/10\/Formato-Site-e-Portal-860X645-JPG-2023-10-27T161951.358.jpg\" alt=\"\" class=\"wp-image-25514\" srcset=\"https:\/\/www.fumssar.com.br\/wp-content\/uploads\/2023\/10\/Formato-Site-e-Portal-860X645-JPG-2023-10-27T161951.358.jpg 860w, https:\/\/www.fumssar.com.br\/wp-content\/uploads\/2023\/10\/Formato-Site-e-Portal-860X645-JPG-2023-10-27T161951.358-300x225.jpg 300w, https:\/\/www.fumssar.com.br\/wp-content\/uploads\/2023\/10\/Formato-Site-e-Portal-860X645-JPG-2023-10-27T161951.358-768x576.jpg 768w\" sizes=\"(max-width: 860px) 100vw, 860px\" \/><\/figure>\n\n\n\n<p>Nesta\nsexta-feira (27), o Presidente da FUMSSAR, D\u00e9lcio Stefan, esteve em Cruz Alta\nrepresentando o munic\u00edpio de Santa Rosa na Oficina do Planejamento Regional\nIntegrado \u2013 PRI. A a\u00e7\u00e3o foi promovida pela Secretaria Estadual da Sa\u00fade \u2013 SES\/RS\ne teve a participa\u00e7\u00e3o das quatro Coordenadorias Regionais da Sa\u00fade (9\u00aa, 12\u00aa,\n14\u00aa e 17\u00aa) que fazem parte da Macrorregi\u00e3o de Sa\u00fade Missioneira. O PRI faz\nparte de um processo participativo e tripartite, que envolve a SES\/RS, o\nCosems\/RS, a Superintend\u00eancia do Minist\u00e9rio da Sa\u00fade\/RS, al\u00e9m do Controle\nSocial.<\/p>\n\n\n\n<p>O\nobjetivo da atividade foi promover a equidade regional e contribuir na\nconcretiza\u00e7\u00e3o do planejamento ascendente do Sistema \u00danico de Sa\u00fade &#8211; SUS. \u201cS\u00e3o\nmovimentos importantes para avaliar e organizar o sistema de sa\u00fade, dentro da\nregi\u00e3o Macromissioneira. Este \u00e9 um momento \u00edmpar, onde conseguimos debater situa\u00e7\u00f5es\ne articular a\u00e7\u00f5es para desenvolvermos um cuidado integral da popula\u00e7\u00e3o\u201d,\ndestacou D\u00e9lcio.<\/p>\n\n\n\n<p>A\nMacrorregi\u00e3o Missioneira \u00e9 composta, administrativamente, pelas 9\u00aa, 12\u00aa, 14\u00aa e\n17\u00aa CRS\u2019s e est\u00e1 localizada na regi\u00e3o noroeste do Rio Grande do Sul. <\/p>\n","protected":false},"excerpt":{"rendered":"<p>Nesta sexta-feira (27), o Presidente da FUMSSAR, D\u00e9lcio Stefan, esteve em Cruz Alta representando o&#8230;<\/p>\n","protected":false},"author":36,"featured_media":25515,"comment_status":"closed","ping_status":"closed","sticky":false,"template":"","format":"standard","meta":{"footnotes":""},"categories":[2],"tags":[],"_links":{"self":[{"href":"https:\/\/www.fumssar.com.br\/index.php?rest_route=\/wp\/v2\/posts\/25513"}],"collection":[{"href":"https:\/\/www.fumssar.com.br\/index.php?rest_route=\/wp\/v2\/posts"}],"about":[{"href":"https:\/\/www.fumssar.com.br\/index.php?rest_route=\/wp\/v2\/types\/post"}],"author":[{"embeddable":true,"href":"https:\/\/www.fumssar.com.br\/index.php?rest_route=\/wp\/v2\/users\/36"}],"replies":[{"embeddable":true,"href":"https:\/\/www.fumssar.com.br\/index.php?rest_route=%2Fwp%2Fv2%2Fcomments&post=25513"}],"version-history":[{"count":1,"href":"https:\/\/www.fumssar.com.br\/index.php?rest_route=\/wp\/v2\/posts\/25513\/revisions"}],"predecessor-version":[{"id":25516,"href":"https:\/\/www.fumssar.com.br\/index.php?rest_route=\/wp\/v2\/posts\/25513\/revisions\/25516"}],"wp:featuredmedia":[{"embeddable":true,"href":"https:\/\/www.fumssar.com.br\/index.php?rest_route=\/wp\/v2\/media\/25515"}],"wp:attachment":[{"href":"https:\/\/www.fumssar.com.br\/index.php?rest_route=%2Fwp%2Fv2%2Fmedia&parent=25513"}],"wp:term":[{"taxonomy":"category","embeddable":true,"href":"https:\/\/www.fumssar.com.br\/index.php?rest_route=%2Fwp%2Fv2%2Fcategories&post=25513"},{"taxonomy":"post_tag","embeddable":true,"href":"https:\/\/www.fumssar.com.br\/index.php?rest_route=%2Fwp%2Fv2%2Ftags&post=25513"}],"curies":[{"name":"wp","href":"https:\/\/api.w.org\/{rel}","templated":true}]}}