{"id":25473,"date":"2023-10-20T16:45:43","date_gmt":"2023-10-20T19:45:43","guid":{"rendered":"http:\/\/www.fumssar.com.br\/?p=25473"},"modified":"2024-10-07T16:29:52","modified_gmt":"2024-10-07T19:29:52","slug":"acoes-educativas-de-saude-bucal-sao-desenvolvidas-na-emei-sao-francisco","status":"publish","type":"post","link":"https:\/\/www.fumssar.com.br\/?p=25473","title":{"rendered":"A\u00e7\u00f5es educativas de sa\u00fade bucal s\u00e3o desenvolvidas na EMEI S\u00e3o Francisco"},"content":{"rendered":"\n<figure class=\"wp-block-image\"><img loading=\"lazy\" decoding=\"async\" width=\"860\" height=\"645\" src=\"https:\/\/www.fumssar.com.br\/wp-content\/uploads\/2023\/10\/Formato-Site-e-Portal-860X645-JPG-2023-10-20T102332.679.jpg\" alt=\"\" class=\"wp-image-25474\" srcset=\"https:\/\/www.fumssar.com.br\/wp-content\/uploads\/2023\/10\/Formato-Site-e-Portal-860X645-JPG-2023-10-20T102332.679.jpg 860w, https:\/\/www.fumssar.com.br\/wp-content\/uploads\/2023\/10\/Formato-Site-e-Portal-860X645-JPG-2023-10-20T102332.679-300x225.jpg 300w, https:\/\/www.fumssar.com.br\/wp-content\/uploads\/2023\/10\/Formato-Site-e-Portal-860X645-JPG-2023-10-20T102332.679-768x576.jpg 768w\" sizes=\"(max-width: 860px) 100vw, 860px\" \/><\/figure>\n\n\n\n<p>A\nFunda\u00e7\u00e3o Municipal de Sa\u00fade de Santa Rosa atrav\u00e9s da equipe que atua na UBS\nEsperan\u00e7a, realizou na \u00faltima semana, uma a\u00e7\u00e3o educativa de sa\u00fade bucal com\nalunos da EMEI S\u00e3o Francisco. A atividade faz parte do Programa Nacional de\nSa\u00fade na Escola \u2013 PSE e foi desenvolvida em parceria com o Patronato e o Lions,\nque forneceram kits com pasta e escova de dentes para as crian\u00e7as. <\/p>\n\n\n\n<p>Na\noportunidade, os alunos receberam informa\u00e7\u00f5es sobre a escova\u00e7\u00e3o adequada, bons\nh\u00e1bitos de higiene e uso correto do fio dental. A dentista Carolina Filheiro\nque coordenou a visita, destacou que o projeto nas escolas tem o objetivo de\ndesenvolver h\u00e1bitos de vida saud\u00e1veis e de autocuidado, \u201cDe forma l\u00fadica e\ndivertida, atrav\u00e9s de um teatro com fantoches, conseguimos chamar a aten\u00e7\u00e3o dos\npequenos e ensinar sobre a import\u00e2ncia da preven\u00e7\u00e3o e tratamento da c\u00e1rie precoce\npara a longevidade do dente na boca\u201d.<\/p>\n\n\n\n<p>Cerca\nde 60 crian\u00e7as, de quatro a cinco anos, participaram da atividade.<\/p>\n","protected":false},"excerpt":{"rendered":"<p>A Funda\u00e7\u00e3o Municipal de Sa\u00fade de Santa Rosa atrav\u00e9s da equipe que atua na UBS&#8230;<\/p>\n","protected":false},"author":36,"featured_media":25475,"comment_status":"closed","ping_status":"closed","sticky":false,"template":"","format":"standard","meta":{"footnotes":""},"categories":[2],"tags":[],"_links":{"self":[{"href":"https:\/\/www.fumssar.com.br\/index.php?rest_route=\/wp\/v2\/posts\/25473"}],"collection":[{"href":"https:\/\/www.fumssar.com.br\/index.php?rest_route=\/wp\/v2\/posts"}],"about":[{"href":"https:\/\/www.fumssar.com.br\/index.php?rest_route=\/wp\/v2\/types\/post"}],"author":[{"embeddable":true,"href":"https:\/\/www.fumssar.com.br\/index.php?rest_route=\/wp\/v2\/users\/36"}],"replies":[{"embeddable":true,"href":"https:\/\/www.fumssar.com.br\/index.php?rest_route=%2Fwp%2Fv2%2Fcomments&post=25473"}],"version-history":[{"count":1,"href":"https:\/\/www.fumssar.com.br\/index.php?rest_route=\/wp\/v2\/posts\/25473\/revisions"}],"predecessor-version":[{"id":25476,"href":"https:\/\/www.fumssar.com.br\/index.php?rest_route=\/wp\/v2\/posts\/25473\/revisions\/25476"}],"wp:featuredmedia":[{"embeddable":true,"href":"https:\/\/www.fumssar.com.br\/index.php?rest_route=\/wp\/v2\/media\/25475"}],"wp:attachment":[{"href":"https:\/\/www.fumssar.com.br\/index.php?rest_route=%2Fwp%2Fv2%2Fmedia&parent=25473"}],"wp:term":[{"taxonomy":"category","embeddable":true,"href":"https:\/\/www.fumssar.com.br\/index.php?rest_route=%2Fwp%2Fv2%2Fcategories&post=25473"},{"taxonomy":"post_tag","embeddable":true,"href":"https:\/\/www.fumssar.com.br\/index.php?rest_route=%2Fwp%2Fv2%2Ftags&post=25473"}],"curies":[{"name":"wp","href":"https:\/\/api.w.org\/{rel}","templated":true}]}}