{"id":25447,"date":"2023-10-18T17:00:46","date_gmt":"2023-10-18T20:00:46","guid":{"rendered":"http:\/\/www.fumssar.com.br\/?p=25447"},"modified":"2024-10-07T16:29:52","modified_gmt":"2024-10-07T19:29:52","slug":"dia-d-de-multivacinacao-para-criancas-e-adolescentes-vai-acontecer-no-sabado","status":"publish","type":"post","link":"https:\/\/www.fumssar.com.br\/?p=25447","title":{"rendered":"Dia D de Multivacina\u00e7\u00e3o para crian\u00e7as e adolescentes vai acontecer no s\u00e1bado"},"content":{"rendered":"\n<figure class=\"wp-block-image\"><img loading=\"lazy\" decoding=\"async\" width=\"860\" height=\"645\" src=\"https:\/\/www.fumssar.com.br\/wp-content\/uploads\/2023\/10\/Formato-Site-e-Portal-860X645-JPG-2023-10-18T165949.092.jpg\" alt=\"\" class=\"wp-image-25448\" srcset=\"https:\/\/www.fumssar.com.br\/wp-content\/uploads\/2023\/10\/Formato-Site-e-Portal-860X645-JPG-2023-10-18T165949.092.jpg 860w, https:\/\/www.fumssar.com.br\/wp-content\/uploads\/2023\/10\/Formato-Site-e-Portal-860X645-JPG-2023-10-18T165949.092-300x225.jpg 300w, https:\/\/www.fumssar.com.br\/wp-content\/uploads\/2023\/10\/Formato-Site-e-Portal-860X645-JPG-2023-10-18T165949.092-768x576.jpg 768w\" sizes=\"(max-width: 860px) 100vw, 860px\" \/><\/figure>\n\n\n\n<p>A\nFunda\u00e7\u00e3o Municipal de Sa\u00fade de Santa Rosa vai realizar no pr\u00f3ximo s\u00e1bado (21\/10),\no Dia D de Multivacina\u00e7\u00e3o. A a\u00e7\u00e3o faz parte de uma campanha nacional do Minist\u00e9rio\nda Sa\u00fade. A imuniza\u00e7\u00e3o vai ser realizada em todas as Unidades B\u00e1sicas de Sa\u00fade,\ndas 08h \u00e0s 17h, sem fechar ao meio-dia. Podem se vacinar, crian\u00e7as e\nadolescentes de at\u00e9 15 anos incompletos. O objetivo da atividade \u00e9 realizar as\ndoses em atraso do calend\u00e1rio vacinal e atualizar a Caderneta de Vacina\u00e7\u00e3o. <\/p>\n\n\n\n<p>V\u00e3o\nestar dispon\u00edveis nas unidades, 18 vacinas que fazem parte do Programa Nacional\nde Imuniza\u00e7\u00f5es \u2013 PNI. Durante a campanha, as equipes das UBSs ir\u00e3o revisar as\ncadernetas de vacina\u00e7\u00e3o e orientar os pais a respeito da import\u00e2ncia de manter\nas vacinas em dia, conforme o calend\u00e1rio nacional de imuniza\u00e7\u00e3o. A Diretora de\nAten\u00e7\u00e3o Prim\u00e1ria \u00e0 Sa\u00fade, Dra. Fabiana Breitenbach, faz um alerta sobre a import\u00e2ncia\nde manter atualizada a Caderneta de Vacina\u00e7\u00e3o, \u201cA vacina \u00e9 a maneira mais\neficaz que temos de proteger as crian\u00e7as e os adolescentes e prevenir doen\u00e7as. Assim\ncomo outras cidades, Santa Rosa est\u00e1 mobilizada em aumentar a cobertura\nvacinal. Por isso, teremos esta a\u00e7\u00e3o espec\u00edfica no s\u00e1bado e o restante do m\u00eas\nde outubro para ampliar o atendimento para a popula\u00e7\u00e3o\u201d.<\/p>\n\n\n\n<p>Al\u00e9m\ndo Dia D, a Campanha de Multivacina\u00e7\u00e3o segue sendo realizada at\u00e9 o dia 27\/10, em\ntodas as Unidades B\u00e1sicas de Sa\u00fade de Santa Rosa.<\/p>\n","protected":false},"excerpt":{"rendered":"<p>A Funda\u00e7\u00e3o Municipal de Sa\u00fade de Santa Rosa vai realizar no pr\u00f3ximo s\u00e1bado (21\/10), o&#8230;<\/p>\n","protected":false},"author":36,"featured_media":25449,"comment_status":"closed","ping_status":"closed","sticky":false,"template":"","format":"standard","meta":{"footnotes":""},"categories":[2],"tags":[],"_links":{"self":[{"href":"https:\/\/www.fumssar.com.br\/index.php?rest_route=\/wp\/v2\/posts\/25447"}],"collection":[{"href":"https:\/\/www.fumssar.com.br\/index.php?rest_route=\/wp\/v2\/posts"}],"about":[{"href":"https:\/\/www.fumssar.com.br\/index.php?rest_route=\/wp\/v2\/types\/post"}],"author":[{"embeddable":true,"href":"https:\/\/www.fumssar.com.br\/index.php?rest_route=\/wp\/v2\/users\/36"}],"replies":[{"embeddable":true,"href":"https:\/\/www.fumssar.com.br\/index.php?rest_route=%2Fwp%2Fv2%2Fcomments&post=25447"}],"version-history":[{"count":1,"href":"https:\/\/www.fumssar.com.br\/index.php?rest_route=\/wp\/v2\/posts\/25447\/revisions"}],"predecessor-version":[{"id":25450,"href":"https:\/\/www.fumssar.com.br\/index.php?rest_route=\/wp\/v2\/posts\/25447\/revisions\/25450"}],"wp:featuredmedia":[{"embeddable":true,"href":"https:\/\/www.fumssar.com.br\/index.php?rest_route=\/wp\/v2\/media\/25449"}],"wp:attachment":[{"href":"https:\/\/www.fumssar.com.br\/index.php?rest_route=%2Fwp%2Fv2%2Fmedia&parent=25447"}],"wp:term":[{"taxonomy":"category","embeddable":true,"href":"https:\/\/www.fumssar.com.br\/index.php?rest_route=%2Fwp%2Fv2%2Fcategories&post=25447"},{"taxonomy":"post_tag","embeddable":true,"href":"https:\/\/www.fumssar.com.br\/index.php?rest_route=%2Fwp%2Fv2%2Ftags&post=25447"}],"curies":[{"name":"wp","href":"https:\/\/api.w.org\/{rel}","templated":true}]}}