{"id":25408,"date":"2023-10-10T17:05:12","date_gmt":"2023-10-10T20:05:12","guid":{"rendered":"http:\/\/www.fumssar.com.br\/?p=25408"},"modified":"2024-10-07T16:29:52","modified_gmt":"2024-10-07T19:29:52","slug":"fumssar-realiza-o-ii-forum-da-rede-de-atencao-psicossocial-em-santa-rosa","status":"publish","type":"post","link":"https:\/\/www.fumssar.com.br\/?p=25408","title":{"rendered":"FUMSSAR realiza o II F\u00f3rum da Rede de Aten\u00e7\u00e3o Psicossocial em Santa Rosa"},"content":{"rendered":"\n<figure class=\"wp-block-image\"><img loading=\"lazy\" decoding=\"async\" width=\"860\" height=\"645\" src=\"https:\/\/www.fumssar.com.br\/wp-content\/uploads\/2023\/10\/Formato-Site-e-Portal-860X645-JPG-2023-10-10T165737.458.jpg\" alt=\"\" class=\"wp-image-25409\" srcset=\"https:\/\/www.fumssar.com.br\/wp-content\/uploads\/2023\/10\/Formato-Site-e-Portal-860X645-JPG-2023-10-10T165737.458.jpg 860w, https:\/\/www.fumssar.com.br\/wp-content\/uploads\/2023\/10\/Formato-Site-e-Portal-860X645-JPG-2023-10-10T165737.458-300x225.jpg 300w, https:\/\/www.fumssar.com.br\/wp-content\/uploads\/2023\/10\/Formato-Site-e-Portal-860X645-JPG-2023-10-10T165737.458-768x576.jpg 768w\" sizes=\"(max-width: 860px) 100vw, 860px\" \/><\/figure>\n\n\n\n<p>A\nFunda\u00e7\u00e3o Municipal de Sa\u00fade de Santa Rosa realizou nesta ter\u00e7a-feira, 10 de\noutubro, Dia Mundial da Sa\u00fade Mental, o II F\u00f3rum da Rede de Aten\u00e7\u00e3o\nPsicossocial. A a\u00e7\u00e3o foi realizada no Centro C\u00edvico Cultural Ant\u00f4nio Carlos\nBorges e foi transmitida ao vivo pela plataforma Youtube. Mais de 800 pessoas (530\nde forma presencial e 210 online) de 55 munic\u00edpios participaram do evento. A atividade\ncontou com a presen\u00e7a de autoridades municipais e estaduais e representantes de\ninstitui\u00e7\u00f5es que fazem parte da Rede de Aten\u00e7\u00e3o Psicossocial de Santa Rosa &#8211;\nRAPS.<\/p>\n\n\n\n<p>As\npol\u00edticas p\u00fablicas e estrat\u00e9gias para um atendimento qualificado de sa\u00fade\nmental, foram alguns dos temas debatidos. O Presidente da FUMSSAR, D\u00e9lcio\nStefan, destacou que este assunto \u00e9 urgente e precisa ser discutido em rede, na\nbusca de melhorar cada vez mais o servi\u00e7o, \u201cAs pessoas t\u00eam buscado saber mais\nsobre sa\u00fade mental. Todos n\u00f3s temos ao nosso redor, no nosso c\u00edrculo de amizades\ne familiares, algum conhecido que j\u00e1 passou ou est\u00e1 passando por algum\ntranstorno de ansiedade, sofrimento, etc. O F\u00f3rum \u00e9 um espa\u00e7o para promover a\ndiscuss\u00e3o entre todos os servi\u00e7os da rede de assist\u00eancia em sa\u00fade mental e uma\nexcelente oportunidade para a troca de experi\u00eancias e para refor\u00e7ar a import\u00e2ncia\ndo cuidado al\u00e9m de f\u00edsico, emocional e psicol\u00f3gico\u201d.<\/p>\n\n\n\n<p>O\nevento teve a participa\u00e7\u00e3o online da Secret\u00e1ria de Sa\u00fade do Rio Grande do Sul,\nArita Bergmann que parabenizou a Funda\u00e7\u00e3o de Sa\u00fade e a gest\u00e3o municipal pela\nrealiza\u00e7\u00e3o do evento, \u201c\u00c9 um prazer participar, mesmo que distante, de um evento\ncomo este que trata de um tema t\u00e3o sens\u00edvel e necess\u00e1rio, como \u00e9 a sa\u00fade\nmental\u201d. Ainda na abertura, foi realizada uma apresenta\u00e7\u00e3o pelos grupos de\nm\u00fasica do CAPS AD Movimento e CAPS II Novo Rumo. A programa\u00e7\u00e3o do evento conta\ncom diversos palestrantes, profissionais especializados que atuam na \u00e1rea de\nsa\u00fade mental. O Prefeito Anderson Mantei, trouxe uma sauda\u00e7\u00e3o e ressaltou a\nimport\u00e2ncia do tema, \u201c\u00c9 um assunto important\u00edssimo, pois sabemos que cada dia\nmais, crian\u00e7as, jovens, adultos e idosos t\u00eam procurado o servi\u00e7o de sa\u00fade\nmental. Somos uma cidade privilegiada, pois temos um Estado, uma regi\u00e3o e um\nmunic\u00edpio que investe em programas e servi\u00e7os voltados para promover a sa\u00fade\nintegral dos nossos cidad\u00e3os\u201d.<\/p>\n\n\n\n<p>O\nf\u00f3rum segue sendo realizado e transmitido na parte da tarde, com diversas\npalestras voltadas ao tema da sa\u00fade mental. Interessados em assistir o\nconte\u00fado, podem acessar o canal: @macrorregionalteasantarosa6891 e acompanhar a\nprograma\u00e7\u00e3o.<\/p>\n","protected":false},"excerpt":{"rendered":"<p>A Funda\u00e7\u00e3o Municipal de Sa\u00fade de Santa Rosa realizou nesta ter\u00e7a-feira, 10 de outubro, Dia&#8230;<\/p>\n","protected":false},"author":36,"featured_media":25410,"comment_status":"closed","ping_status":"closed","sticky":false,"template":"","format":"standard","meta":{"footnotes":""},"categories":[2],"tags":[],"_links":{"self":[{"href":"https:\/\/www.fumssar.com.br\/index.php?rest_route=\/wp\/v2\/posts\/25408"}],"collection":[{"href":"https:\/\/www.fumssar.com.br\/index.php?rest_route=\/wp\/v2\/posts"}],"about":[{"href":"https:\/\/www.fumssar.com.br\/index.php?rest_route=\/wp\/v2\/types\/post"}],"author":[{"embeddable":true,"href":"https:\/\/www.fumssar.com.br\/index.php?rest_route=\/wp\/v2\/users\/36"}],"replies":[{"embeddable":true,"href":"https:\/\/www.fumssar.com.br\/index.php?rest_route=%2Fwp%2Fv2%2Fcomments&post=25408"}],"version-history":[{"count":1,"href":"https:\/\/www.fumssar.com.br\/index.php?rest_route=\/wp\/v2\/posts\/25408\/revisions"}],"predecessor-version":[{"id":25411,"href":"https:\/\/www.fumssar.com.br\/index.php?rest_route=\/wp\/v2\/posts\/25408\/revisions\/25411"}],"wp:featuredmedia":[{"embeddable":true,"href":"https:\/\/www.fumssar.com.br\/index.php?rest_route=\/wp\/v2\/media\/25410"}],"wp:attachment":[{"href":"https:\/\/www.fumssar.com.br\/index.php?rest_route=%2Fwp%2Fv2%2Fmedia&parent=25408"}],"wp:term":[{"taxonomy":"category","embeddable":true,"href":"https:\/\/www.fumssar.com.br\/index.php?rest_route=%2Fwp%2Fv2%2Fcategories&post=25408"},{"taxonomy":"post_tag","embeddable":true,"href":"https:\/\/www.fumssar.com.br\/index.php?rest_route=%2Fwp%2Fv2%2Ftags&post=25408"}],"curies":[{"name":"wp","href":"https:\/\/api.w.org\/{rel}","templated":true}]}}