{"id":25364,"date":"2023-10-05T17:19:21","date_gmt":"2023-10-05T20:19:21","guid":{"rendered":"http:\/\/www.fumssar.com.br\/?p=25364"},"modified":"2024-10-07T16:29:52","modified_gmt":"2024-10-07T19:29:52","slug":"prefeito-participa-de-agenda-no-estado-para-tratar-da-implementacao-do-servico-de-cirurgia-cardiaca-e-hemodinamica","status":"publish","type":"post","link":"https:\/\/www.fumssar.com.br\/?p=25364","title":{"rendered":"Prefeito participa de agenda no Estado para tratar da implementa\u00e7\u00e3o do servi\u00e7o de Cirurgia Card\u00edaca e Hemodin\u00e2mica"},"content":{"rendered":"\n<figure class=\"wp-block-image\"><img loading=\"lazy\" decoding=\"async\" width=\"860\" height=\"645\" src=\"http:\/\/www.fumssar.com.br\/wp-content\/uploads\/2023\/10\/Formato-Site-e-Portal-860X645-JPG-2023-10-05T163328.501.jpg\" alt=\"\" class=\"wp-image-25365\" srcset=\"https:\/\/www.fumssar.com.br\/wp-content\/uploads\/2023\/10\/Formato-Site-e-Portal-860X645-JPG-2023-10-05T163328.501.jpg 860w, https:\/\/www.fumssar.com.br\/wp-content\/uploads\/2023\/10\/Formato-Site-e-Portal-860X645-JPG-2023-10-05T163328.501-300x225.jpg 300w, https:\/\/www.fumssar.com.br\/wp-content\/uploads\/2023\/10\/Formato-Site-e-Portal-860X645-JPG-2023-10-05T163328.501-768x576.jpg 768w\" sizes=\"(max-width: 860px) 100vw, 860px\" \/><\/figure>\n\n\n\n<p>O Prefeito Anderson Mantei participou nesta quinta-feira (05), em Porto Alegre, de uma importante agenda na \u00e1rea da sa\u00fade. Ele esteve na SES RS com a Secret\u00e1ria de Sa\u00fade do Estado, Arita Bergmann e equipe t\u00e9cnica para falar sobre a implementa\u00e7\u00e3o do servi\u00e7o de Hemodin\u00e2mica e Cirurgia Card\u00edaca em Santa Rosa. O novo servi\u00e7o foi anunciado oficialmente em setembro e vai ter um investimento de R$ 10 milh\u00f5es da prefeitura e da C\u00e2mara de Vereadores. A a\u00e7\u00e3o faz parte de uma parceria do Executivo, Legislativo, Hospital Vida e Sa\u00fade e do Governo do Rio Grande do Sul.<\/p>\n\n\n\n<p>Anderson esteve acompanhado do Presidente da Funda\u00e7\u00e3o Municipal de Sa\u00fade de Santa Rosa, D\u00e9lcio Stefan e da Diretora do Hospital Vida e Sa\u00fade, Vanderli de Barros. O objetivo do encontro foi buscar recursos financeiros do Projeto Avan\u00e7ar, para aquisi\u00e7\u00e3o dos equipamentos restantes, necess\u00e1rios para a execu\u00e7\u00e3o deste importante servi\u00e7o, \u201cEstamos avan\u00e7ando com o servi\u00e7o de cardiologia, que j\u00e1 anunciamos no m\u00eas passado. Nossas equipes est\u00e3o todas trabalhando em conjunto com o hospital e com a 14\u00aa Coordenadoria Regional de Sa\u00fade para que t\u00e3o logo, possamos implementar esse servi\u00e7o que vai facilitar tanto o acesso da sa\u00fade para a popula\u00e7\u00e3o\u201d, destacou o prefeito.<\/p>\n\n\n\n<p>A equipe da Funda\u00e7\u00e3o de Sa\u00fade tamb\u00e9m tem realizado um trabalho fundamental para todos os avan\u00e7os que est\u00e3o sendo realizados na cidade. Para D\u00e9lcio Stefan, Presidente da FUMSSAR, fazer a diferen\u00e7a com gest\u00e3o, t\u00e9cnica e dedica\u00e7\u00e3o \u00e9 o que possibilita um atendimento de excel\u00eancia no SUS e a cirurgia card\u00edaca e hemodin\u00e2mica \u00e9 mais um passo que est\u00e1 sendo dado para proporcionar um cuidado integral aos cidad\u00e3os, \u201cO servi\u00e7o vai evitar o deslocamento de pacientes de Santa Rosa a outras regi\u00f5es e vai proporcionar um atendimento qualificado que vai poder salvar muitas vidas. Para que tudo isso seja poss\u00edvel, o trabalho est\u00e1 sendo realizado em conjunto entre Munic\u00edpio, Hospital e Estado\u201d.<\/p>\n\n\n\n<p>O investimento de R$ 5 milh\u00f5es que ser\u00e1 feito pela prefeitura para a implementa\u00e7\u00e3o do servi\u00e7o em Santa Rosa, \u00e9 de recurso pr\u00f3prio das economias da atual Gest\u00e3o. A cada ano, os investimentos na \u00e1rea da sa\u00fade t\u00eam sido ampliados. Em 2023, o or\u00e7amento \u00e9 de R$ 158 milh\u00f5es e para o pr\u00f3ximo ano (2024), a previs\u00e3o \u00e9 que sejam aplicados mais de R$ 180 milh\u00f5es em sa\u00fade no munic\u00edpio.<\/p>\n","protected":false},"excerpt":{"rendered":"<p>O Prefeito Anderson Mantei participou nesta quinta-feira (05), em Porto Alegre, de uma importante agenda&#8230;<\/p>\n","protected":false},"author":36,"featured_media":25366,"comment_status":"closed","ping_status":"closed","sticky":false,"template":"","format":"standard","meta":{"footnotes":""},"categories":[2],"tags":[],"_links":{"self":[{"href":"https:\/\/www.fumssar.com.br\/index.php?rest_route=\/wp\/v2\/posts\/25364"}],"collection":[{"href":"https:\/\/www.fumssar.com.br\/index.php?rest_route=\/wp\/v2\/posts"}],"about":[{"href":"https:\/\/www.fumssar.com.br\/index.php?rest_route=\/wp\/v2\/types\/post"}],"author":[{"embeddable":true,"href":"https:\/\/www.fumssar.com.br\/index.php?rest_route=\/wp\/v2\/users\/36"}],"replies":[{"embeddable":true,"href":"https:\/\/www.fumssar.com.br\/index.php?rest_route=%2Fwp%2Fv2%2Fcomments&post=25364"}],"version-history":[{"count":1,"href":"https:\/\/www.fumssar.com.br\/index.php?rest_route=\/wp\/v2\/posts\/25364\/revisions"}],"predecessor-version":[{"id":25367,"href":"https:\/\/www.fumssar.com.br\/index.php?rest_route=\/wp\/v2\/posts\/25364\/revisions\/25367"}],"wp:featuredmedia":[{"embeddable":true,"href":"https:\/\/www.fumssar.com.br\/index.php?rest_route=\/wp\/v2\/media\/25366"}],"wp:attachment":[{"href":"https:\/\/www.fumssar.com.br\/index.php?rest_route=%2Fwp%2Fv2%2Fmedia&parent=25364"}],"wp:term":[{"taxonomy":"category","embeddable":true,"href":"https:\/\/www.fumssar.com.br\/index.php?rest_route=%2Fwp%2Fv2%2Fcategories&post=25364"},{"taxonomy":"post_tag","embeddable":true,"href":"https:\/\/www.fumssar.com.br\/index.php?rest_route=%2Fwp%2Fv2%2Ftags&post=25364"}],"curies":[{"name":"wp","href":"https:\/\/api.w.org\/{rel}","templated":true}]}}