{"id":25349,"date":"2023-10-05T08:04:57","date_gmt":"2023-10-05T11:04:57","guid":{"rendered":"http:\/\/www.fumssar.com.br\/?p=25349"},"modified":"2024-10-07T16:29:52","modified_gmt":"2024-10-07T19:29:52","slug":"agentes-comunitarios-de-saude-e-de-combate-as-endemias-recebem-novas-mochilas-da-fumssar","status":"publish","type":"post","link":"https:\/\/www.fumssar.com.br\/?p=25349","title":{"rendered":"Agentes Comunit\u00e1rios de Sa\u00fade e de Combate \u00e0s Endemias recebem novas mochilas da FUMSSAR"},"content":{"rendered":"\n<figure class=\"wp-block-image\"><img loading=\"lazy\" decoding=\"async\" width=\"860\" height=\"645\" src=\"https:\/\/www.fumssar.com.br\/wp-content\/uploads\/2023\/10\/Formato-Site-e-Portal-860X645-JPG-2023-10-05T080230.766.jpg\" alt=\"\" class=\"wp-image-25350\" srcset=\"https:\/\/www.fumssar.com.br\/wp-content\/uploads\/2023\/10\/Formato-Site-e-Portal-860X645-JPG-2023-10-05T080230.766.jpg 860w, https:\/\/www.fumssar.com.br\/wp-content\/uploads\/2023\/10\/Formato-Site-e-Portal-860X645-JPG-2023-10-05T080230.766-300x225.jpg 300w, https:\/\/www.fumssar.com.br\/wp-content\/uploads\/2023\/10\/Formato-Site-e-Portal-860X645-JPG-2023-10-05T080230.766-768x576.jpg 768w\" sizes=\"(max-width: 860px) 100vw, 860px\" \/><\/figure>\n\n\n\n<p>A\nequipe diretiva da Funda\u00e7\u00e3o Municipal de Sa\u00fade de Santa Rosa realizou a entrega\nde novas mochilas para alguns servidores municipais. A a\u00e7\u00e3o aconteceu nesta\nquarta-feira, 04 de outubro, Dia Nacional do Agente Comunit\u00e1rio de Sa\u00fade &#8211; ACS\ne dos Agentes de Combate \u00e0s Endemias &#8211; ACE. Ao todo, 94 profissionais, 69 (ACS)\ne 25 (ACE), que comp\u00f5em a equipe multiprofissional nos servi\u00e7os de Aten\u00e7\u00e3o\nB\u00e1sica \u00e0 Sa\u00fade, foram contemplados com o novo acess\u00f3rio. O objetivo foi\nqualificar ainda mais o servi\u00e7o e valorizar o trabalho desenvolvido pelos\nagentes.<\/p>\n\n\n\n<p>As\nnovas mochilas foram entregues em uma confraterniza\u00e7\u00e3o na UBS Sulina. Na\noportunidade, os servidores foram homenageados pelo seu dia. A Diretora da\nAten\u00e7\u00e3o Prim\u00e1ria \u00e0 Sa\u00fade, Dra. Fabiana Breitenbach, destacou que os agentes t\u00eam\npapel fundamental nas a\u00e7\u00f5es de promo\u00e7\u00e3o da sa\u00fade e preven\u00e7\u00e3o de doen\u00e7as e\nendemias, tendo como foco as atividades educativas em sa\u00fade, em domic\u00edlios e comunidades,\n\u201cQueremos parabenizar mais uma vez, todos os agentes pelo relevante trabalho\nque desenvolvem com dedica\u00e7\u00e3o e empenho junto \u00e0 popula\u00e7\u00e3o santa-rosense. Fica\naqui nosso reconhecimento e gratid\u00e3o a cada um\u201d. <\/p>\n\n\n\n<p>Na\n\u00faltima semana, a FUMSSAR realizou a formatura do Curso Sa\u00fade com Agente\nrealizado por 46 Agentes Comunit\u00e1rios de Sa\u00fade (ACS) e 18 Agentes de Combate \u00e0s\nEndemias (ACE). O objetivo da forma\u00e7\u00e3o t\u00e9cnica foi capacitar os profissionais\npara que possam ter um olhar apurado sobre as informa\u00e7\u00f5es coletadas durante as\nvisitas nas resid\u00eancias e, assim, melhor orientar os cidad\u00e3os. A capacita\u00e7\u00e3o\nteve carga hor\u00e1ria de 1.275 horas, 10 meses de dura\u00e7\u00e3o. <\/p>\n","protected":false},"excerpt":{"rendered":"<p>A equipe diretiva da Funda\u00e7\u00e3o Municipal de Sa\u00fade de Santa Rosa realizou a entrega de&#8230;<\/p>\n","protected":false},"author":36,"featured_media":25351,"comment_status":"closed","ping_status":"closed","sticky":false,"template":"","format":"standard","meta":{"footnotes":""},"categories":[2],"tags":[],"_links":{"self":[{"href":"https:\/\/www.fumssar.com.br\/index.php?rest_route=\/wp\/v2\/posts\/25349"}],"collection":[{"href":"https:\/\/www.fumssar.com.br\/index.php?rest_route=\/wp\/v2\/posts"}],"about":[{"href":"https:\/\/www.fumssar.com.br\/index.php?rest_route=\/wp\/v2\/types\/post"}],"author":[{"embeddable":true,"href":"https:\/\/www.fumssar.com.br\/index.php?rest_route=\/wp\/v2\/users\/36"}],"replies":[{"embeddable":true,"href":"https:\/\/www.fumssar.com.br\/index.php?rest_route=%2Fwp%2Fv2%2Fcomments&post=25349"}],"version-history":[{"count":1,"href":"https:\/\/www.fumssar.com.br\/index.php?rest_route=\/wp\/v2\/posts\/25349\/revisions"}],"predecessor-version":[{"id":25352,"href":"https:\/\/www.fumssar.com.br\/index.php?rest_route=\/wp\/v2\/posts\/25349\/revisions\/25352"}],"wp:featuredmedia":[{"embeddable":true,"href":"https:\/\/www.fumssar.com.br\/index.php?rest_route=\/wp\/v2\/media\/25351"}],"wp:attachment":[{"href":"https:\/\/www.fumssar.com.br\/index.php?rest_route=%2Fwp%2Fv2%2Fmedia&parent=25349"}],"wp:term":[{"taxonomy":"category","embeddable":true,"href":"https:\/\/www.fumssar.com.br\/index.php?rest_route=%2Fwp%2Fv2%2Fcategories&post=25349"},{"taxonomy":"post_tag","embeddable":true,"href":"https:\/\/www.fumssar.com.br\/index.php?rest_route=%2Fwp%2Fv2%2Ftags&post=25349"}],"curies":[{"name":"wp","href":"https:\/\/api.w.org\/{rel}","templated":true}]}}