{"id":25306,"date":"2023-10-03T15:57:48","date_gmt":"2023-10-03T18:57:48","guid":{"rendered":"http:\/\/www.fumssar.com.br\/?p=25306"},"modified":"2024-10-07T16:29:52","modified_gmt":"2024-10-07T19:29:52","slug":"equipe-do-cer-ii-realiza-atividades-no-mes-da-crianca","status":"publish","type":"post","link":"https:\/\/www.fumssar.com.br\/?p=25306","title":{"rendered":"Equipe do CER II realiza atividades no M\u00eas da Crian\u00e7a"},"content":{"rendered":"\n<figure class=\"wp-block-image\"><img loading=\"lazy\" decoding=\"async\" width=\"860\" height=\"645\" src=\"https:\/\/www.fumssar.com.br\/wp-content\/uploads\/2023\/10\/Formato-Site-e-Portal-860X645-JPG-2023-10-03T154155.212.jpg\" alt=\"\" class=\"wp-image-25307\" srcset=\"https:\/\/www.fumssar.com.br\/wp-content\/uploads\/2023\/10\/Formato-Site-e-Portal-860X645-JPG-2023-10-03T154155.212.jpg 860w, https:\/\/www.fumssar.com.br\/wp-content\/uploads\/2023\/10\/Formato-Site-e-Portal-860X645-JPG-2023-10-03T154155.212-300x225.jpg 300w, https:\/\/www.fumssar.com.br\/wp-content\/uploads\/2023\/10\/Formato-Site-e-Portal-860X645-JPG-2023-10-03T154155.212-768x576.jpg 768w\" sizes=\"(max-width: 860px) 100vw, 860px\" \/><\/figure>\n\n\n\n<p>A\nequipe do Centro Especializado em Reabilita\u00e7\u00e3o Auditiva e Intelectual organizou\numa programa\u00e7\u00e3o para celebrar o Dia da Crian\u00e7a, comemorado no dia 12 de outubro.\nNesta segunda-feira (02), os pacientes atendidos pela Funda\u00e7\u00e3o de Sa\u00fade de\nSanta Rosa, no CER II, tiveram uma recep\u00e7\u00e3o diferenciada. As crian\u00e7as em acompanhamento\nno servi\u00e7o foram recebidas ao som de violino. A a\u00e7\u00e3o foi uma parceria com o violinista\nBruno Esperon.<\/p>\n\n\n\n<p>A\nm\u00fasica emocionou e alegrou crian\u00e7as e adultos. Nesta quarta-feira (04), vai ser\nrealizada a Cinoterapia, uma atividade que utiliza c\u00e3es como facilitadores no\nprocesso terap\u00eautico, promovendo bem-estar atrav\u00e9s do contato com os animais. &nbsp;A Coordenadora do CER II, Michelli Pes,\ndestacou que s\u00e3o pequenas a\u00e7\u00f5es que fazem uma enorme diferen\u00e7a na vida das\ncrian\u00e7as, \u201cPreparamos diversas atividades neste m\u00eas em que comemoramos o Dia\ndas Crian\u00e7as. O objetivo \u00e9 levar um pouco mais de carinho e alegria para cada\numa delas. \u00c9 gratificante ver os pequenos sorrindo, interagindo e se emocionando\ncom as atividades. Precisamos ir al\u00e9m do diagn\u00f3stico e tratamento e\nproporcionar momentos de lazer e descontra\u00e7\u00e3o como estes\u201d. <\/p>\n\n\n\n<p>Atualmente,\no Centro Especializado em Reabilita\u00e7\u00e3o Auditiva e Intelectual atende 92\ncrian\u00e7as no servi\u00e7o. Na pr\u00f3xima semana, nos dias: 9, 11 e 13 de outubro, a\nequipe multiprofissional vai levar pequenos grupos de pacientes em um parque de\ndivers\u00f5es organizado em parceria com a Igreja Batista. A a\u00e7\u00e3o vai contar com\ndiversas brincadeiras e lanche para as crian\u00e7as.<\/p>\n","protected":false},"excerpt":{"rendered":"<p>A equipe do Centro Especializado em Reabilita\u00e7\u00e3o Auditiva e Intelectual organizou uma programa\u00e7\u00e3o para celebrar&#8230;<\/p>\n","protected":false},"author":36,"featured_media":25308,"comment_status":"closed","ping_status":"closed","sticky":false,"template":"","format":"standard","meta":{"footnotes":""},"categories":[2],"tags":[],"_links":{"self":[{"href":"https:\/\/www.fumssar.com.br\/index.php?rest_route=\/wp\/v2\/posts\/25306"}],"collection":[{"href":"https:\/\/www.fumssar.com.br\/index.php?rest_route=\/wp\/v2\/posts"}],"about":[{"href":"https:\/\/www.fumssar.com.br\/index.php?rest_route=\/wp\/v2\/types\/post"}],"author":[{"embeddable":true,"href":"https:\/\/www.fumssar.com.br\/index.php?rest_route=\/wp\/v2\/users\/36"}],"replies":[{"embeddable":true,"href":"https:\/\/www.fumssar.com.br\/index.php?rest_route=%2Fwp%2Fv2%2Fcomments&post=25306"}],"version-history":[{"count":1,"href":"https:\/\/www.fumssar.com.br\/index.php?rest_route=\/wp\/v2\/posts\/25306\/revisions"}],"predecessor-version":[{"id":25309,"href":"https:\/\/www.fumssar.com.br\/index.php?rest_route=\/wp\/v2\/posts\/25306\/revisions\/25309"}],"wp:featuredmedia":[{"embeddable":true,"href":"https:\/\/www.fumssar.com.br\/index.php?rest_route=\/wp\/v2\/media\/25308"}],"wp:attachment":[{"href":"https:\/\/www.fumssar.com.br\/index.php?rest_route=%2Fwp%2Fv2%2Fmedia&parent=25306"}],"wp:term":[{"taxonomy":"category","embeddable":true,"href":"https:\/\/www.fumssar.com.br\/index.php?rest_route=%2Fwp%2Fv2%2Fcategories&post=25306"},{"taxonomy":"post_tag","embeddable":true,"href":"https:\/\/www.fumssar.com.br\/index.php?rest_route=%2Fwp%2Fv2%2Ftags&post=25306"}],"curies":[{"name":"wp","href":"https:\/\/api.w.org\/{rel}","templated":true}]}}