{"id":2527,"date":"2014-09-25T12:27:45","date_gmt":"2014-09-25T12:27:45","guid":{"rendered":"http:\/\/www.fumssar.com.br\/?p=2527"},"modified":"2024-10-07T16:36:16","modified_gmt":"2024-10-07T19:36:16","slug":"hemocentro-esta-preparado-para-a-mobilizacao-de-doadores","status":"publish","type":"post","link":"https:\/\/www.fumssar.com.br\/?p=2527","title":{"rendered":"HEMOCENTRO est\u00e1 preparado para a mobiliza\u00e7\u00e3o de Doadores"},"content":{"rendered":"<p>Diante da alta demanda prevista para a doa\u00e7\u00e3o de medula \u00f3ssea movida pelas mobiliza\u00e7\u00f5es da comunidade, a dire\u00e7\u00e3o do HEMOCENTRO de Santa Rosa afirma que montou uma estrat\u00e9gia especial para o atendimento dos doadores. Durante esta semana houve um grande n\u00famero de pessoas que procuraram o HEMOCENTRO voluntariamente para realizar a doa\u00e7\u00e3o. O Presidente da Funda\u00e7\u00e3o Municipal de Sa\u00fade, Dr. Lu\u00eds Ant\u00f4nio Benvegn\u00fa, reuniu-se esta semana com a Dire\u00e7\u00e3o do HEMOCENTRO onde um plano especial para o s\u00e1bado dia 27 onde uma grande mobiliza\u00e7\u00e3o em busca de um doador compat\u00edvel para o santa-rosense Alexandre Barili. \u00a0Benvegn\u00fa explicou que o HEMOCENTRO estar\u00e1 recebendo doa\u00e7\u00f5es no s\u00e1bado d\u00e1s 8 \u00e0s 12 horas, mas que se houver demanda a equipe estender\u00e1 o hor\u00e1rio. O Presidente ressaltou ainda que este \u00e9 um dia de mobiliza\u00e7\u00e3o, mas que qualquer cidad\u00e3o de 18 a 54 anos poder\u00e1 ir em outros dias durante o expediente fazer a sua doa\u00e7\u00e3o.<\/p>\n<p>Na tarde desta quarta- feira, 24 Benvegn\u00fa e a gerente do Hemocentro Josiane Aquino estiveram reunidos com os pais de Alexandre o casal Pedro e S\u00f4nia Barili onde foram esclarecidas as a\u00e7\u00f5es prevista para esta mobiliza\u00e7\u00e3o. Josiane disse que as pessoas poder\u00e3o buscar maiores informa\u00e7\u00f5es pelo telefone 3513-5140 que a equipe est\u00e1 dispon\u00edvel para atender os doadores.<\/p>\n","protected":false},"excerpt":{"rendered":"<p>Diante da alta demanda prevista para a doa\u00e7\u00e3o de medula \u00f3ssea movida pelas mobiliza\u00e7\u00f5es da&#8230;<\/p>\n","protected":false},"author":11,"featured_media":2528,"comment_status":"open","ping_status":"open","sticky":false,"template":"","format":"standard","meta":{"footnotes":""},"categories":[2],"tags":[],"_links":{"self":[{"href":"https:\/\/www.fumssar.com.br\/index.php?rest_route=\/wp\/v2\/posts\/2527"}],"collection":[{"href":"https:\/\/www.fumssar.com.br\/index.php?rest_route=\/wp\/v2\/posts"}],"about":[{"href":"https:\/\/www.fumssar.com.br\/index.php?rest_route=\/wp\/v2\/types\/post"}],"author":[{"embeddable":true,"href":"https:\/\/www.fumssar.com.br\/index.php?rest_route=\/wp\/v2\/users\/11"}],"replies":[{"embeddable":true,"href":"https:\/\/www.fumssar.com.br\/index.php?rest_route=%2Fwp%2Fv2%2Fcomments&post=2527"}],"version-history":[{"count":1,"href":"https:\/\/www.fumssar.com.br\/index.php?rest_route=\/wp\/v2\/posts\/2527\/revisions"}],"predecessor-version":[{"id":2529,"href":"https:\/\/www.fumssar.com.br\/index.php?rest_route=\/wp\/v2\/posts\/2527\/revisions\/2529"}],"wp:featuredmedia":[{"embeddable":true,"href":"https:\/\/www.fumssar.com.br\/index.php?rest_route=\/wp\/v2\/media\/2528"}],"wp:attachment":[{"href":"https:\/\/www.fumssar.com.br\/index.php?rest_route=%2Fwp%2Fv2%2Fmedia&parent=2527"}],"wp:term":[{"taxonomy":"category","embeddable":true,"href":"https:\/\/www.fumssar.com.br\/index.php?rest_route=%2Fwp%2Fv2%2Fcategories&post=2527"},{"taxonomy":"post_tag","embeddable":true,"href":"https:\/\/www.fumssar.com.br\/index.php?rest_route=%2Fwp%2Fv2%2Ftags&post=2527"}],"curies":[{"name":"wp","href":"https:\/\/api.w.org\/{rel}","templated":true}]}}