{"id":25267,"date":"2023-09-29T16:14:23","date_gmt":"2023-09-29T19:14:23","guid":{"rendered":"http:\/\/www.fumssar.com.br\/?p=25267"},"modified":"2024-10-07T16:29:52","modified_gmt":"2024-10-07T19:29:52","slug":"cerca-de-r-900-mil-vao-ser-investidos-no-novo-almoxarifado-da-fumssar","status":"publish","type":"post","link":"https:\/\/www.fumssar.com.br\/?p=25267","title":{"rendered":"Cerca de R$ 900 mil v\u00e3o ser investidos no novo almoxarifado da FUMSSAR"},"content":{"rendered":"\n<figure class=\"wp-block-image\"><img loading=\"lazy\" decoding=\"async\" width=\"860\" height=\"645\" src=\"https:\/\/www.fumssar.com.br\/wp-content\/uploads\/2023\/09\/Formato-Site-e-Portal-860X645-JPG-2023-09-29T160948.301.jpg\" alt=\"\" class=\"wp-image-25268\" srcset=\"https:\/\/www.fumssar.com.br\/wp-content\/uploads\/2023\/09\/Formato-Site-e-Portal-860X645-JPG-2023-09-29T160948.301.jpg 860w, https:\/\/www.fumssar.com.br\/wp-content\/uploads\/2023\/09\/Formato-Site-e-Portal-860X645-JPG-2023-09-29T160948.301-300x225.jpg 300w, https:\/\/www.fumssar.com.br\/wp-content\/uploads\/2023\/09\/Formato-Site-e-Portal-860X645-JPG-2023-09-29T160948.301-768x576.jpg 768w\" sizes=\"(max-width: 860px) 100vw, 860px\" \/><\/figure>\n\n\n\n<p><br>Nesta semana iniciaram as obras do novo almoxarifado da FUMSSAR. A edifica\u00e7\u00e3o ser\u00e1 realizada ao lado do Hemocentro Regional de Santa Rosa \u2013 HEMOSAR, em duas etapas, sendo a primeira delas, com o servi\u00e7o de escava\u00e7\u00e3o em rocha e a\u00a0segunda, de constru\u00e7\u00e3o de um pavilh\u00e3o pr\u00e9-fabricado. O objetivo \u00e9 qualificar o servi\u00e7o e aproximar o centro de distribui\u00e7\u00e3o de produtos e materiais dos demais locais que fazem parte da Funda\u00e7\u00e3o de Sa\u00fade. Cerca de R$ 900 mil ser\u00e3o investidos no local.<br>O projeto prev\u00ea a constru\u00e7\u00e3o de um pavilh\u00e3o com 327,30 m\u00b2, com dep\u00f3sito e \u00e1rea administrativa. A nova instala\u00e7\u00e3o foi projetada para melhor atender as demandas, al\u00e9m de gerar uma importante economia, j\u00e1 que\u00a0hoje, o almoxarifado funciona em um pr\u00e9dio alugado. Al\u00e9m disso, por estar pr\u00f3ximo de outros servi\u00e7os da Funda\u00e7\u00e3o, como: Centro Administrativo, Vigil\u00e2ncias, Centro de Especialidades, Farm\u00e1cia, CEREST, PICS, Laborat\u00f3rio e Hemocentro, haver\u00e1 tamb\u00e9m uma economia com a log\u00edstica de ve\u00edculos e transporte. O Vice-Prefeito Aldemir Ulrich e o Presidente da FUMSSAR, D\u00e9lcio Stefan, acompanham o in\u00edcio da obra, \u201cEsta \u00e9 uma importante obra que vai qualificar e trazer mais agilidade para os servi\u00e7os de sa\u00fade. Al\u00e9m disso, o pr\u00e9dio vai atender todas as regras sanit\u00e1rias e normativas para a armazenagem correta dos produtos e materiais\u201d.<br>O prazo de entrega da obra \u00e9 de sete meses, conforme o contrato. A previs\u00e3o \u00e9 que em mar\u00e7o de 2024, os servi\u00e7os estejam conclu\u00eddos. Ao todo, ser\u00e3o investidos no projeto R$ 876.216,85 de recurso livre. <\/p>\n","protected":false},"excerpt":{"rendered":"<p>Nesta semana iniciaram as obras do novo almoxarifado da FUMSSAR. A edifica\u00e7\u00e3o ser\u00e1 realizada ao&#8230;<\/p>\n","protected":false},"author":36,"featured_media":25268,"comment_status":"open","ping_status":"open","sticky":false,"template":"","format":"standard","meta":{"footnotes":""},"categories":[2],"tags":[],"_links":{"self":[{"href":"https:\/\/www.fumssar.com.br\/index.php?rest_route=\/wp\/v2\/posts\/25267"}],"collection":[{"href":"https:\/\/www.fumssar.com.br\/index.php?rest_route=\/wp\/v2\/posts"}],"about":[{"href":"https:\/\/www.fumssar.com.br\/index.php?rest_route=\/wp\/v2\/types\/post"}],"author":[{"embeddable":true,"href":"https:\/\/www.fumssar.com.br\/index.php?rest_route=\/wp\/v2\/users\/36"}],"replies":[{"embeddable":true,"href":"https:\/\/www.fumssar.com.br\/index.php?rest_route=%2Fwp%2Fv2%2Fcomments&post=25267"}],"version-history":[{"count":1,"href":"https:\/\/www.fumssar.com.br\/index.php?rest_route=\/wp\/v2\/posts\/25267\/revisions"}],"predecessor-version":[{"id":25269,"href":"https:\/\/www.fumssar.com.br\/index.php?rest_route=\/wp\/v2\/posts\/25267\/revisions\/25269"}],"wp:featuredmedia":[{"embeddable":true,"href":"https:\/\/www.fumssar.com.br\/index.php?rest_route=\/wp\/v2\/media\/25268"}],"wp:attachment":[{"href":"https:\/\/www.fumssar.com.br\/index.php?rest_route=%2Fwp%2Fv2%2Fmedia&parent=25267"}],"wp:term":[{"taxonomy":"category","embeddable":true,"href":"https:\/\/www.fumssar.com.br\/index.php?rest_route=%2Fwp%2Fv2%2Fcategories&post=25267"},{"taxonomy":"post_tag","embeddable":true,"href":"https:\/\/www.fumssar.com.br\/index.php?rest_route=%2Fwp%2Fv2%2Ftags&post=25267"}],"curies":[{"name":"wp","href":"https:\/\/api.w.org\/{rel}","templated":true}]}}