{"id":25260,"date":"2023-09-28T10:02:30","date_gmt":"2023-09-28T13:02:30","guid":{"rendered":"http:\/\/www.fumssar.com.br\/?p=25260"},"modified":"2024-10-07T16:29:52","modified_gmt":"2024-10-07T19:29:52","slug":"fumssar-realiza-formatura-do-curso-saude-com-agente","status":"publish","type":"post","link":"https:\/\/www.fumssar.com.br\/?p=25260","title":{"rendered":"FUMSSAR realiza formatura do Curso Sa\u00fade com Agente"},"content":{"rendered":"\n<figure class=\"wp-block-image\"><img loading=\"lazy\" decoding=\"async\" width=\"860\" height=\"645\" src=\"https:\/\/www.fumssar.com.br\/wp-content\/uploads\/2023\/09\/Formato-Site-e-Portal-860X645-JPG-2023-09-28T094542.089.jpg\" alt=\"\" class=\"wp-image-25261\" srcset=\"https:\/\/www.fumssar.com.br\/wp-content\/uploads\/2023\/09\/Formato-Site-e-Portal-860X645-JPG-2023-09-28T094542.089.jpg 860w, https:\/\/www.fumssar.com.br\/wp-content\/uploads\/2023\/09\/Formato-Site-e-Portal-860X645-JPG-2023-09-28T094542.089-300x225.jpg 300w, https:\/\/www.fumssar.com.br\/wp-content\/uploads\/2023\/09\/Formato-Site-e-Portal-860X645-JPG-2023-09-28T094542.089-768x576.jpg 768w\" sizes=\"(max-width: 860px) 100vw, 860px\" \/><\/figure>\n\n\n\n<p>A\nPrefeitura de Santa Rosa atrav\u00e9s da Funda\u00e7\u00e3o Municipal de Sa\u00fade \u2013 FUMSSAR,\nrealizou na tarde desta quarta-feira (27), a solenidade de formatura do Curso\nSa\u00fade com Agente. A a\u00e7\u00e3o aconteceu no N\u00facleo de Ensino e Pesquisa \u2013 NEP e\ncontou com a presen\u00e7a do Vice-Prefeito Aldemir Ulrich. &nbsp;Ao todo, 64 servidores, 46 Agentes\nComunit\u00e1rios de Sa\u00fade (ACS) e 18 Agentes de Combate \u00e0s Endemias (ACE),\nconclu\u00edram uma forma\u00e7\u00e3o t\u00e9cnica de qualifica\u00e7\u00e3o profissional. O projeto Sa\u00fade\ncom Agente \u00e9 uma parceria entre a UFRGS, o Minist\u00e9rio da Sa\u00fade e o CONASEMS. O\nobjetivo foi capacitar os profissionais para que possam ter um olhar apurado\nsobre as informa\u00e7\u00f5es coletadas durante as visitas nas resid\u00eancias e, assim,\nmelhor orientar os cidad\u00e3os.<\/p>\n\n\n\n<p>O\ncurso aconteceu de forma h\u00edbrida e com a utiliza\u00e7\u00e3o de metodologias ativas de\naprendizagem. A iniciativa buscou aprimorar os indicadores de sa\u00fade, a\nqualidade dos servi\u00e7os prestados na Aten\u00e7\u00e3o Prim\u00e1ria e a capacidade de resposta\ndo SUS aos usu\u00e1rios. O Presidente da FUMSSAR, D\u00e9lcio Stefan, destacou que a a\u00e7\u00e3o\nrefor\u00e7a tamb\u00e9m, o reconhecimento da import\u00e2ncia dos Agentes Comunit\u00e1rios de\nSa\u00fade e dos Agentes de Combate \u00e0s Endemias, que desempenham um papel crucial\ncomo educadores para a cidadania em sa\u00fade, \u201cEstamos sempre buscando ofertar\nnovas oportunidades de capacita\u00e7\u00e3o para os nossos servidores e profissionais,\npara que possam atuar de forma mais qualificada na preven\u00e7\u00e3o, promo\u00e7\u00e3o e\ncuidado com a sa\u00fade e o bem-estar da comunidade\u201d.<\/p>\n\n\n\n<p>A capacita\u00e7\u00e3o teve carga hor\u00e1ria de 1.275 horas, 10 meses de dura\u00e7\u00e3o. Na oportunidade, o Vice-Prefeito Aldemir Ulrich, parabenizou os formandos, \u201cAdquirir conhecimento nos torna melhores profissionais, o que resulta em uma gest\u00e3o p\u00fablica mais eficiente e quem ganha \u00e9 a nossa comunidade. A partir de agora, voc\u00eas v\u00e3o estar muito mais bem preparados para desenvolver esse trabalho t\u00e3o importante para promover a sa\u00fade da popula\u00e7\u00e3o\u201d. Ap\u00f3s a fala das autoridades, foi realizada a entrega dos certificados aos concluintes do Curso Sa\u00fade com Agente e realizada uma confraterniza\u00e7\u00e3o.<\/p>\n\n\n\n<ul class=\"wp-block-gallery columns-3 is-cropped wp-block-gallery-1 is-layout-flex wp-block-gallery-is-layout-flex\"><li class=\"blocks-gallery-item\"><figure><img loading=\"lazy\" decoding=\"async\" width=\"860\" height=\"645\" src=\"https:\/\/www.fumssar.com.br\/wp-content\/uploads\/2023\/09\/sa\u00fade-04.png\" alt=\"\" data-id=\"25262\" data-link=\"https:\/\/www.fumssar.com.br\/?attachment_id=25262\" class=\"wp-image-25262\" srcset=\"https:\/\/www.fumssar.com.br\/wp-content\/uploads\/2023\/09\/sa\u00fade-04.png 860w, https:\/\/www.fumssar.com.br\/wp-content\/uploads\/2023\/09\/sa\u00fade-04-300x225.png 300w, https:\/\/www.fumssar.com.br\/wp-content\/uploads\/2023\/09\/sa\u00fade-04-768x576.png 768w\" sizes=\"(max-width: 860px) 100vw, 860px\" \/><\/figure><\/li><li class=\"blocks-gallery-item\"><figure><img loading=\"lazy\" decoding=\"async\" width=\"860\" height=\"645\" src=\"https:\/\/www.fumssar.com.br\/wp-content\/uploads\/2023\/09\/Formato-Site-e-Portal-860X645-JPG-59.png\" alt=\"\" data-id=\"25263\" data-link=\"https:\/\/www.fumssar.com.br\/?attachment_id=25263\" class=\"wp-image-25263\" srcset=\"https:\/\/www.fumssar.com.br\/wp-content\/uploads\/2023\/09\/Formato-Site-e-Portal-860X645-JPG-59.png 860w, https:\/\/www.fumssar.com.br\/wp-content\/uploads\/2023\/09\/Formato-Site-e-Portal-860X645-JPG-59-300x225.png 300w, https:\/\/www.fumssar.com.br\/wp-content\/uploads\/2023\/09\/Formato-Site-e-Portal-860X645-JPG-59-768x576.png 768w\" sizes=\"(max-width: 860px) 100vw, 860px\" \/><\/figure><\/li><li class=\"blocks-gallery-item\"><figure><img loading=\"lazy\" decoding=\"async\" width=\"860\" height=\"645\" src=\"https:\/\/www.fumssar.com.br\/wp-content\/uploads\/2023\/09\/sa\u00fade-02.png\" alt=\"\" data-id=\"25264\" data-link=\"https:\/\/www.fumssar.com.br\/?attachment_id=25264\" class=\"wp-image-25264\" srcset=\"https:\/\/www.fumssar.com.br\/wp-content\/uploads\/2023\/09\/sa\u00fade-02.png 860w, https:\/\/www.fumssar.com.br\/wp-content\/uploads\/2023\/09\/sa\u00fade-02-300x225.png 300w, https:\/\/www.fumssar.com.br\/wp-content\/uploads\/2023\/09\/sa\u00fade-02-768x576.png 768w\" sizes=\"(max-width: 860px) 100vw, 860px\" \/><\/figure><\/li><\/ul>\n","protected":false},"excerpt":{"rendered":"<p>A Prefeitura de Santa Rosa atrav\u00e9s da Funda\u00e7\u00e3o Municipal de Sa\u00fade \u2013 FUMSSAR, realizou na&#8230;<\/p>\n","protected":false},"author":36,"featured_media":25265,"comment_status":"closed","ping_status":"closed","sticky":false,"template":"","format":"standard","meta":{"footnotes":""},"categories":[2],"tags":[],"_links":{"self":[{"href":"https:\/\/www.fumssar.com.br\/index.php?rest_route=\/wp\/v2\/posts\/25260"}],"collection":[{"href":"https:\/\/www.fumssar.com.br\/index.php?rest_route=\/wp\/v2\/posts"}],"about":[{"href":"https:\/\/www.fumssar.com.br\/index.php?rest_route=\/wp\/v2\/types\/post"}],"author":[{"embeddable":true,"href":"https:\/\/www.fumssar.com.br\/index.php?rest_route=\/wp\/v2\/users\/36"}],"replies":[{"embeddable":true,"href":"https:\/\/www.fumssar.com.br\/index.php?rest_route=%2Fwp%2Fv2%2Fcomments&post=25260"}],"version-history":[{"count":1,"href":"https:\/\/www.fumssar.com.br\/index.php?rest_route=\/wp\/v2\/posts\/25260\/revisions"}],"predecessor-version":[{"id":25266,"href":"https:\/\/www.fumssar.com.br\/index.php?rest_route=\/wp\/v2\/posts\/25260\/revisions\/25266"}],"wp:featuredmedia":[{"embeddable":true,"href":"https:\/\/www.fumssar.com.br\/index.php?rest_route=\/wp\/v2\/media\/25265"}],"wp:attachment":[{"href":"https:\/\/www.fumssar.com.br\/index.php?rest_route=%2Fwp%2Fv2%2Fmedia&parent=25260"}],"wp:term":[{"taxonomy":"category","embeddable":true,"href":"https:\/\/www.fumssar.com.br\/index.php?rest_route=%2Fwp%2Fv2%2Fcategories&post=25260"},{"taxonomy":"post_tag","embeddable":true,"href":"https:\/\/www.fumssar.com.br\/index.php?rest_route=%2Fwp%2Fv2%2Ftags&post=25260"}],"curies":[{"name":"wp","href":"https:\/\/api.w.org\/{rel}","templated":true}]}}