{"id":25237,"date":"2023-09-25T14:38:31","date_gmt":"2023-09-25T17:38:31","guid":{"rendered":"http:\/\/www.fumssar.com.br\/?p=25237"},"modified":"2024-10-07T16:29:52","modified_gmt":"2024-10-07T19:29:52","slug":"santa-rosa-recebe-selo-ouro-unidade-amiga-do-idoso-do-estado","status":"publish","type":"post","link":"https:\/\/www.fumssar.com.br\/?p=25237","title":{"rendered":"Santa Rosa recebe Selo Ouro Unidade Amiga do Idoso do Estado"},"content":{"rendered":"\n<figure class=\"wp-block-image\"><img loading=\"lazy\" decoding=\"async\" width=\"860\" height=\"645\" src=\"https:\/\/www.fumssar.com.br\/wp-content\/uploads\/2023\/09\/Formato-Site-e-Portal-860X645-JPG-2023-09-25T143056.963.jpg\" alt=\"\" class=\"wp-image-25238\" srcset=\"https:\/\/www.fumssar.com.br\/wp-content\/uploads\/2023\/09\/Formato-Site-e-Portal-860X645-JPG-2023-09-25T143056.963.jpg 860w, https:\/\/www.fumssar.com.br\/wp-content\/uploads\/2023\/09\/Formato-Site-e-Portal-860X645-JPG-2023-09-25T143056.963-300x225.jpg 300w, https:\/\/www.fumssar.com.br\/wp-content\/uploads\/2023\/09\/Formato-Site-e-Portal-860X645-JPG-2023-09-25T143056.963-768x576.jpg 768w\" sizes=\"(max-width: 860px) 100vw, 860px\" \/><\/figure>\n\n\n\n<p>Santa\nRosa \u00e9 outra vez destaque no Rio Grande do Sul. Na manh\u00e3 desta segunda-feira\n(25), o Prefeito Anderson Mantei recebeu mais uma certifica\u00e7\u00e3o na \u00e1rea da\nsa\u00fade. Em cerim\u00f4nia realizada na Capital, o Governador Eduardo Leite e a\nSecret\u00e1ria Estadual de Sa\u00fade do RS, Arita Bergmann, realizaram a entrega do\nSelo UBS Amiga do Idoso para as cidades contempladas com a premia\u00e7\u00e3o. Santa\nRosa foi reconhecida com o Selo Ouro, pelo destaque do trabalho desenvolvido na\nUBS J\u00falio de Oliveira. Desde setembro de 2021, o Posto faz parte da Rede Bem\nCuidar RS. O evento aconteceu na sede da Funda\u00e7\u00e3o Orquestra Sinf\u00f4nica de Porto\nAlegre e contou com a participa\u00e7\u00e3o da Coordenadora da UBS, Lenita Dalcin e da Gerente\nde Aten\u00e7\u00e3o Prim\u00e1ria \u00e0 Sa\u00fade, Lidiene Superti.<\/p>\n\n\n\n<p>A\nFunda\u00e7\u00e3o Municipal de Sa\u00fade de Santa Rosa j\u00e1 havia sido certificada com os\nSelos Bronze e Prata por alcan\u00e7ar as metas propostas pelo Estado, e agora,\nalcan\u00e7a o Selo Ouro para o munic\u00edpio. A credita\u00e7\u00e3o foi conferida para as\nUnidades B\u00e1sicas de Sa\u00fade que alcan\u00e7aram os indicadores de avalia\u00e7\u00e3o do\nprograma Rede Bem Cuidar RS. As cidades com destaque realizaram a\u00e7\u00f5es que\npermitissem os usu\u00e1rios idosos, vivenciarem uma aten\u00e7\u00e3o eficiente e humanizada.\nO Governador Eduardo Leite, destacou que as cidades que aderiram \u00e0 Rede Bem\nCuidar, evidenciam seu compromisso com a aten\u00e7\u00e3o especializada aos idosos,\npautada em avalia\u00e7\u00f5es centradas na pessoa e no cuidado multidimensional, \u201cA\na\u00e7\u00e3o da Aten\u00e7\u00e3o Prim\u00e1ria \u00e0 Sa\u00fade deve ser de promo\u00e7\u00e3o de sa\u00fade e de preven\u00e7\u00e3o\nde doen\u00e7as. O programa prev\u00ea o envelhecimento saud\u00e1vel da popula\u00e7\u00e3o e tem como\nobjetivo melhorar e fortalecer o atendimento do p\u00fablico idoso\u201d.<\/p>\n\n\n\n<p>Al\u00e9m\nda certifica\u00e7\u00e3o Selo Ouro &#8211; UBS Amiga do Idoso, Santa Rosa tamb\u00e9m foi\nselecionada entre as seis melhores experi\u00eancias do Estado, em mais de 300\nmunic\u00edpios. Durante o evento, as servidoras da FUMSSAR apresentaram o trabalho\ninscrito com o tema: \u201cValoriza\u00e7\u00e3o Cultural: Ferramenta para Fortalecimento de\nV\u00ednculos\u201d. O Prefeito Anderson Mantei, esteve presente na solenidade de\npremia\u00e7\u00e3o e ressaltou que o resultado \u00e9 fruto do trabalho de dedica\u00e7\u00e3o e\nempenho dos servidores do munic\u00edpio, \u201cSanta Rosa alcan\u00e7ou mais este\nreconhecimento, por dar seguimento \u00e0s melhorias de processos de trabalho que\npermitem aos idosos vivenciarem uma aten\u00e7\u00e3o acolhedora e inclusiva. Nosso\nagradecimento \u00e0 equipe da UBS J\u00falio de Oliveira que assim como todas as demais\n17 UBSs do munic\u00edpio, realizam um trabalho de qualidade, apostando no\nenvelhecimento saud\u00e1vel dos cidad\u00e3os e desenvolvendo a\u00e7\u00f5es que promovem um\ncuidado integral da popula\u00e7\u00e3o\u201d.<\/p>\n\n\n\n<p>A\nUBS J\u00falio de Oliveira \u00e9 tamb\u00e9m uma das seis unidades que oferecem os servi\u00e7os\nno terceiro turno, cinco noites por semana. A unidade abrange as seguintes\ncomunidades: J\u00falio de Oliveira, Speroni, Valdemar Pizoni e Lajeado Capim,\natendendo cerca de 4 mil pessoas.<\/p>\n","protected":false},"excerpt":{"rendered":"<p>Santa Rosa \u00e9 outra vez destaque no Rio Grande do Sul. Na manh\u00e3 desta segunda-feira&#8230;<\/p>\n","protected":false},"author":36,"featured_media":25244,"comment_status":"closed","ping_status":"closed","sticky":false,"template":"","format":"standard","meta":{"footnotes":""},"categories":[2],"tags":[],"_links":{"self":[{"href":"https:\/\/www.fumssar.com.br\/index.php?rest_route=\/wp\/v2\/posts\/25237"}],"collection":[{"href":"https:\/\/www.fumssar.com.br\/index.php?rest_route=\/wp\/v2\/posts"}],"about":[{"href":"https:\/\/www.fumssar.com.br\/index.php?rest_route=\/wp\/v2\/types\/post"}],"author":[{"embeddable":true,"href":"https:\/\/www.fumssar.com.br\/index.php?rest_route=\/wp\/v2\/users\/36"}],"replies":[{"embeddable":true,"href":"https:\/\/www.fumssar.com.br\/index.php?rest_route=%2Fwp%2Fv2%2Fcomments&post=25237"}],"version-history":[{"count":1,"href":"https:\/\/www.fumssar.com.br\/index.php?rest_route=\/wp\/v2\/posts\/25237\/revisions"}],"predecessor-version":[{"id":25245,"href":"https:\/\/www.fumssar.com.br\/index.php?rest_route=\/wp\/v2\/posts\/25237\/revisions\/25245"}],"wp:featuredmedia":[{"embeddable":true,"href":"https:\/\/www.fumssar.com.br\/index.php?rest_route=\/wp\/v2\/media\/25244"}],"wp:attachment":[{"href":"https:\/\/www.fumssar.com.br\/index.php?rest_route=%2Fwp%2Fv2%2Fmedia&parent=25237"}],"wp:term":[{"taxonomy":"category","embeddable":true,"href":"https:\/\/www.fumssar.com.br\/index.php?rest_route=%2Fwp%2Fv2%2Fcategories&post=25237"},{"taxonomy":"post_tag","embeddable":true,"href":"https:\/\/www.fumssar.com.br\/index.php?rest_route=%2Fwp%2Fv2%2Ftags&post=25237"}],"curies":[{"name":"wp","href":"https:\/\/api.w.org\/{rel}","templated":true}]}}