{"id":2520,"date":"2014-09-24T17:44:39","date_gmt":"2014-09-24T17:44:39","guid":{"rendered":"http:\/\/www.fumssar.com.br\/?p=2520"},"modified":"2024-10-07T16:36:16","modified_gmt":"2024-10-07T19:36:16","slug":"inaugurada-a-academia-de-saude-do-bairro-central","status":"publish","type":"post","link":"https:\/\/www.fumssar.com.br\/?p=2520","title":{"rendered":"Inaugurada a Academia de Sa\u00fade do Bairro Central"},"content":{"rendered":"<p style=\"text-align: left\">Mais uma academia de sa\u00fade foi entregue \u00e0 comunidade, desta vez\u00a0 foi a popula\u00e7\u00e3o do bairro<br \/>\nCentral\u00a0 que poder\u00e1 usufruir deste servi\u00e7o que passa a integrar a rede b\u00e1sica de sa\u00fade de forma coletiva com a presen\u00e7a<br \/>\nde um orientador f\u00edsico ou de forma individual. Diversas lideran\u00e7as e autoridades prestigiaram o ato inaugural<br \/>\nrealizado na tarde desta ter\u00e7a-,23. O Presidente da Funda\u00e7\u00e3o Municipal de Sa\u00fade, Dr. Lu\u00eds Ant\u00f4nio Benvegn\u00fa \u00a0destacou que as academias servem de<br \/>\ninstrumentos na sa\u00fade preventiva da comunidade uma vez que o exerc\u00edcio f\u00edsico \u00e9 muito importante na preven\u00e7\u00e3o de doen\u00e7as e na manuten\u00e7\u00e3o de uma vida mais<br \/>\nsaud\u00e1vel. Benvegn\u00fa disse ainda que entidades locais ir\u00e3o utilizar o espa\u00e7o como j\u00e1 foi combinado com o grupo de terceira idade.<\/p>\n","protected":false},"excerpt":{"rendered":"<p>Mais uma academia de sa\u00fade foi entregue \u00e0 comunidade, desta vez\u00a0 foi a popula\u00e7\u00e3o do&#8230;<\/p>\n","protected":false},"author":11,"featured_media":2522,"comment_status":"open","ping_status":"open","sticky":false,"template":"","format":"standard","meta":{"footnotes":""},"categories":[2],"tags":[],"_links":{"self":[{"href":"https:\/\/www.fumssar.com.br\/index.php?rest_route=\/wp\/v2\/posts\/2520"}],"collection":[{"href":"https:\/\/www.fumssar.com.br\/index.php?rest_route=\/wp\/v2\/posts"}],"about":[{"href":"https:\/\/www.fumssar.com.br\/index.php?rest_route=\/wp\/v2\/types\/post"}],"author":[{"embeddable":true,"href":"https:\/\/www.fumssar.com.br\/index.php?rest_route=\/wp\/v2\/users\/11"}],"replies":[{"embeddable":true,"href":"https:\/\/www.fumssar.com.br\/index.php?rest_route=%2Fwp%2Fv2%2Fcomments&post=2520"}],"version-history":[{"count":2,"href":"https:\/\/www.fumssar.com.br\/index.php?rest_route=\/wp\/v2\/posts\/2520\/revisions"}],"predecessor-version":[{"id":2526,"href":"https:\/\/www.fumssar.com.br\/index.php?rest_route=\/wp\/v2\/posts\/2520\/revisions\/2526"}],"wp:featuredmedia":[{"embeddable":true,"href":"https:\/\/www.fumssar.com.br\/index.php?rest_route=\/wp\/v2\/media\/2522"}],"wp:attachment":[{"href":"https:\/\/www.fumssar.com.br\/index.php?rest_route=%2Fwp%2Fv2%2Fmedia&parent=2520"}],"wp:term":[{"taxonomy":"category","embeddable":true,"href":"https:\/\/www.fumssar.com.br\/index.php?rest_route=%2Fwp%2Fv2%2Fcategories&post=2520"},{"taxonomy":"post_tag","embeddable":true,"href":"https:\/\/www.fumssar.com.br\/index.php?rest_route=%2Fwp%2Fv2%2Ftags&post=2520"}],"curies":[{"name":"wp","href":"https:\/\/api.w.org\/{rel}","templated":true}]}}