{"id":25193,"date":"2023-09-19T16:42:49","date_gmt":"2023-09-19T19:42:49","guid":{"rendered":"http:\/\/www.fumssar.com.br\/?p=25193"},"modified":"2024-10-07T16:29:52","modified_gmt":"2024-10-07T19:29:52","slug":"reuniao-reforca-parceria-entre-unijui-e-fumssar","status":"publish","type":"post","link":"https:\/\/www.fumssar.com.br\/?p=25193","title":{"rendered":"Reuni\u00e3o refor\u00e7a parceria entre Uniju\u00ed e FUMSSAR"},"content":{"rendered":"\n<figure class=\"wp-block-image\"><img loading=\"lazy\" decoding=\"async\" width=\"860\" height=\"645\" src=\"https:\/\/www.fumssar.com.br\/wp-content\/uploads\/2023\/09\/Formato-Site-e-Portal-860X645-JPG-2023-09-18T134657.632.jpg\" alt=\"\" class=\"wp-image-25194\" srcset=\"https:\/\/www.fumssar.com.br\/wp-content\/uploads\/2023\/09\/Formato-Site-e-Portal-860X645-JPG-2023-09-18T134657.632.jpg 860w, https:\/\/www.fumssar.com.br\/wp-content\/uploads\/2023\/09\/Formato-Site-e-Portal-860X645-JPG-2023-09-18T134657.632-300x225.jpg 300w, https:\/\/www.fumssar.com.br\/wp-content\/uploads\/2023\/09\/Formato-Site-e-Portal-860X645-JPG-2023-09-18T134657.632-768x576.jpg 768w\" sizes=\"(max-width: 860px) 100vw, 860px\" \/><\/figure>\n\n\n\n<p>Nesta\nsegunda-feira (18), foi realizada na Funda\u00e7\u00e3o de Sa\u00fade, uma reuni\u00e3o com a\nequipe diretiva da FUMSSAR e um representante da Uniju\u00ed. Na oportunidade, o\nPresidente D\u00e9lcio Stefan e a Diretora de Aten\u00e7\u00e3o Prim\u00e1ria \u00e0 Sa\u00fade, Dra. Fabiana\nBreitenbach, receberam no gabinete, a visita do Professor e Dr. Pedro Lu\u00eds\nB\u00fcttenbender do Programa de P\u00f3s-Gradua\u00e7\u00e3o em Desenvolvimento Regional &#8211;\nMestrado e Doutorado da Universidade Regional do Noroeste do Estado do RS e\ntamb\u00e9m da servidora e doutoranda, Elisiane Bisognin. Durante o encontro, foram\ntratadas v\u00e1rias a\u00e7\u00f5es que resultam no Termo de Coopera\u00e7\u00e3o firmado entre o\nmunic\u00edpio de Santa Rosa e a Uniju\u00ed, atrav\u00e9s do Programa de Coopera\u00e7\u00e3o e\nInova\u00e7\u00e3o em Gest\u00e3o P\u00fablica Municipal.<\/p>\n\n\n\n<p>O\nprograma de coopera\u00e7\u00e3o viabiliza a pesquisa de doutoramento sobre o tema da\ninova\u00e7\u00e3o e aportes das resid\u00eancias multiprofissionais e m\u00e9dica dentro do\nprocesso de constitui\u00e7\u00e3o da sa\u00fade em Santa Rosa e regi\u00e3o. O Presidente D\u00e9lcio\nStefan, ressaltou a import\u00e2ncia dessa parceria para a promo\u00e7\u00e3o de uma sa\u00fade de\nqualidade para a popula\u00e7\u00e3o, \u201cSanta Rosa tem sido destaque para outros munic\u00edpios\ndo Estado e do Pa\u00eds na gest\u00e3o da sa\u00fade e isso se deve ao trabalho realizado por\nv\u00e1rias m\u00e3os e esfor\u00e7os reunidos com o objetivo de qualificar cada vez mais, os\nservi\u00e7os e proporcionar um cuidado integral dos santa-rosenses\u201d.<\/p>\n\n\n\n<p>Os\ngestores tamb\u00e9m trataram sobre outros temas e projetos futuros de coopera\u00e7\u00e3o\nentre a Uniju\u00ed e a Funda\u00e7\u00e3o.<\/p>\n","protected":false},"excerpt":{"rendered":"<p>Nesta segunda-feira (18), foi realizada na Funda\u00e7\u00e3o de Sa\u00fade, uma reuni\u00e3o com a equipe diretiva&#8230;<\/p>\n","protected":false},"author":36,"featured_media":25195,"comment_status":"closed","ping_status":"closed","sticky":false,"template":"","format":"standard","meta":{"footnotes":""},"categories":[2],"tags":[],"_links":{"self":[{"href":"https:\/\/www.fumssar.com.br\/index.php?rest_route=\/wp\/v2\/posts\/25193"}],"collection":[{"href":"https:\/\/www.fumssar.com.br\/index.php?rest_route=\/wp\/v2\/posts"}],"about":[{"href":"https:\/\/www.fumssar.com.br\/index.php?rest_route=\/wp\/v2\/types\/post"}],"author":[{"embeddable":true,"href":"https:\/\/www.fumssar.com.br\/index.php?rest_route=\/wp\/v2\/users\/36"}],"replies":[{"embeddable":true,"href":"https:\/\/www.fumssar.com.br\/index.php?rest_route=%2Fwp%2Fv2%2Fcomments&post=25193"}],"version-history":[{"count":1,"href":"https:\/\/www.fumssar.com.br\/index.php?rest_route=\/wp\/v2\/posts\/25193\/revisions"}],"predecessor-version":[{"id":25196,"href":"https:\/\/www.fumssar.com.br\/index.php?rest_route=\/wp\/v2\/posts\/25193\/revisions\/25196"}],"wp:featuredmedia":[{"embeddable":true,"href":"https:\/\/www.fumssar.com.br\/index.php?rest_route=\/wp\/v2\/media\/25195"}],"wp:attachment":[{"href":"https:\/\/www.fumssar.com.br\/index.php?rest_route=%2Fwp%2Fv2%2Fmedia&parent=25193"}],"wp:term":[{"taxonomy":"category","embeddable":true,"href":"https:\/\/www.fumssar.com.br\/index.php?rest_route=%2Fwp%2Fv2%2Fcategories&post=25193"},{"taxonomy":"post_tag","embeddable":true,"href":"https:\/\/www.fumssar.com.br\/index.php?rest_route=%2Fwp%2Fv2%2Ftags&post=25193"}],"curies":[{"name":"wp","href":"https:\/\/api.w.org\/{rel}","templated":true}]}}