{"id":25175,"date":"2023-09-14T14:02:07","date_gmt":"2023-09-14T17:02:07","guid":{"rendered":"http:\/\/www.fumssar.com.br\/?p=25175"},"modified":"2024-10-07T16:29:52","modified_gmt":"2024-10-07T19:29:52","slug":"prefeito-anuncia-servico-de-cirurgia-cardiaca-e-hemodinamica","status":"publish","type":"post","link":"https:\/\/www.fumssar.com.br\/?p=25175","title":{"rendered":"Prefeito anuncia servi\u00e7o de Cirurgia Card\u00edaca e Hemodin\u00e2mica"},"content":{"rendered":"\n<figure class=\"wp-block-image\"><img loading=\"lazy\" decoding=\"async\" width=\"860\" height=\"645\" src=\"https:\/\/www.fumssar.com.br\/wp-content\/uploads\/2023\/09\/Formato-Site-e-Portal-860X645-JPG-2023-09-14T135833.162.jpg\" alt=\"\" class=\"wp-image-25176\" srcset=\"https:\/\/www.fumssar.com.br\/wp-content\/uploads\/2023\/09\/Formato-Site-e-Portal-860X645-JPG-2023-09-14T135833.162.jpg 860w, https:\/\/www.fumssar.com.br\/wp-content\/uploads\/2023\/09\/Formato-Site-e-Portal-860X645-JPG-2023-09-14T135833.162-300x225.jpg 300w, https:\/\/www.fumssar.com.br\/wp-content\/uploads\/2023\/09\/Formato-Site-e-Portal-860X645-JPG-2023-09-14T135833.162-768x576.jpg 768w\" sizes=\"(max-width: 860px) 100vw, 860px\" \/><\/figure>\n\n\n\n<p>Uma\nquinta-feira hist\u00f3rica para Santa Rosa, de avan\u00e7o, conquista e de um importante\npasso para o desenvolvimento regional. O Prefeito Anderson Mantei anunciou\nnesta manh\u00e3 (14), um investimento de R$ 10 milh\u00f5es para a implementa\u00e7\u00e3o do\nservi\u00e7o de Cirurgia Card\u00edaca e Hemodin\u00e2mica. A a\u00e7\u00e3o foi poss\u00edvel gra\u00e7as a uma\nparceria com a C\u00e2mara de Vereadores. O an\u00fancio foi realizado durante uma\ncoletiva de imprensa, no audit\u00f3rio da Prefeitura e reuniu autoridades,\nentidades assistenciais, servidores e os meios de comunica\u00e7\u00e3o da regi\u00e3o.<\/p>\n\n\n\n<p>Prefeitura,\nC\u00e2mara Municipal de Vereadores e Governo do Rio Grande do Sul unidos para\navan\u00e7ar ainda mais na sa\u00fade. O Executivo ir\u00e1 investir R$ 5 milh\u00f5es de recursos\npr\u00f3prios, de economias da gest\u00e3o e o Legislativo tamb\u00e9m ir\u00e1 transferir R$ 5\nmilh\u00f5es. Os recursos ser\u00e3o utilizados para finalizar a obra do Hospital Vida\n&amp; Sa\u00fade, onde ser\u00e1 instalado o servi\u00e7o, e tamb\u00e9m para aquisi\u00e7\u00e3o de\nequipamentos. O Prefeito Anderson Mantei destacou o trabalho de refer\u00eancia que\n\u00e9 desenvolvido na \u00e1rea da sa\u00fade em Santa Rosa, \u201cEste \u00e9 um dia hist\u00f3rico para a\nnossa cidade, a partir de hoje, o munic\u00edpio conta com um Servi\u00e7o de Cardiologia\ne Hemodin\u00e2mica. Santa Rosa tem o melhor servi\u00e7o de sa\u00fade do pa\u00eds e agora, n\u00f3s\nvamos avan\u00e7ar ainda mais com esse important\u00edssimo atendimento. A comunidade n\u00e3o\nvai mais precisar se deslocar at\u00e9 outros centros para receber atendimento, al\u00e9m\nde todo o desenvolvimento que vai proporcionar para nossa cidade, com a vinda\nde pacientes, m\u00e9dicos e demais profissionais ligados \u00e0 \u00e1rea\u201d.<\/p>\n\n\n\n<p>O\nprefeito destacou tamb\u00e9m, a import\u00e2ncia do trabalho realizado pelo Hospital\nVida &amp; Sa\u00fade, \u201cSabemos que todo o recurso que \u00e9 repassado para o hospital\nreverte realmente em atendimento para a comunidade, por isso, n\u00f3s confiamos\nesse servi\u00e7o ao Vida &amp; Sa\u00fade\u201d.&nbsp;\nAnderson ainda ressaltou o quanto o trabalho da equipe da Funda\u00e7\u00e3o de\nSa\u00fade tem sido fundamental para todos os avan\u00e7os que est\u00e3o sendo realizados na\ncidade, \u201cContamos com uma equipe muito qualificada na FUMSSAR e que tem feito a\ndiferen\u00e7a, \u00e9 por causa da gest\u00e3o, da t\u00e9cnica e da dedica\u00e7\u00e3o destes\nprofissionais, que hoje nossa cidade conta com um atendimento do SUS de\nexcel\u00eancia\u201d. A Secretaria de Sa\u00fade do Estado garantiu a busca pela credita\u00e7\u00e3o\ndo servi\u00e7o junto ao Governo Federal e tamb\u00e9m sinalizou com apoio financeiro\npara implementa\u00e7\u00e3o da Cirurgia Card\u00edaca e Hemodin\u00e2mica em Santa Rosa. <\/p>\n\n\n\n<p>O\ninvestimento do munic\u00edpio ser\u00e1 de recurso pr\u00f3prio das economias da atual\nGest\u00e3o. A cada ano, os investimentos na \u00e1rea da sa\u00fade t\u00eam sido ampliados. Em\n2023, o or\u00e7amento \u00e9 de R$ 158 milh\u00f5es e para o pr\u00f3ximo ano (2024), a previs\u00e3o \u00e9\nque sejam aplicados mais de R$ 180 milh\u00f5es. Participaram tamb\u00e9m do ato, equipe\nda FUMSSAR, do Hospital Vida &amp; sa\u00fade, entidades de Santa Rosa, presidentes\nde Feiras, Institui\u00e7\u00f5es, a Coordenadora da 14\u00aa Coordenadoria Regional de Sa\u00fade,\nrepresentando o Governo do RS, Daiane da Rocha Ferreira e os vereadores da\nbase: Cl\u00e1udio Schmidt, Rafael Rufino, Cleonice Brinhol, Rubem Breunling, Marcos\nKnorst, Gilberto Kr\u00fcger, Tenente Amarildo Kaiber e Vitor de Conti.<\/p>\n","protected":false},"excerpt":{"rendered":"<p>Uma quinta-feira hist\u00f3rica para Santa Rosa, de avan\u00e7o, conquista e de um importante passo para&#8230;<\/p>\n","protected":false},"author":36,"featured_media":25177,"comment_status":"closed","ping_status":"closed","sticky":false,"template":"","format":"standard","meta":{"footnotes":""},"categories":[2],"tags":[],"_links":{"self":[{"href":"https:\/\/www.fumssar.com.br\/index.php?rest_route=\/wp\/v2\/posts\/25175"}],"collection":[{"href":"https:\/\/www.fumssar.com.br\/index.php?rest_route=\/wp\/v2\/posts"}],"about":[{"href":"https:\/\/www.fumssar.com.br\/index.php?rest_route=\/wp\/v2\/types\/post"}],"author":[{"embeddable":true,"href":"https:\/\/www.fumssar.com.br\/index.php?rest_route=\/wp\/v2\/users\/36"}],"replies":[{"embeddable":true,"href":"https:\/\/www.fumssar.com.br\/index.php?rest_route=%2Fwp%2Fv2%2Fcomments&post=25175"}],"version-history":[{"count":1,"href":"https:\/\/www.fumssar.com.br\/index.php?rest_route=\/wp\/v2\/posts\/25175\/revisions"}],"predecessor-version":[{"id":25178,"href":"https:\/\/www.fumssar.com.br\/index.php?rest_route=\/wp\/v2\/posts\/25175\/revisions\/25178"}],"wp:featuredmedia":[{"embeddable":true,"href":"https:\/\/www.fumssar.com.br\/index.php?rest_route=\/wp\/v2\/media\/25177"}],"wp:attachment":[{"href":"https:\/\/www.fumssar.com.br\/index.php?rest_route=%2Fwp%2Fv2%2Fmedia&parent=25175"}],"wp:term":[{"taxonomy":"category","embeddable":true,"href":"https:\/\/www.fumssar.com.br\/index.php?rest_route=%2Fwp%2Fv2%2Fcategories&post=25175"},{"taxonomy":"post_tag","embeddable":true,"href":"https:\/\/www.fumssar.com.br\/index.php?rest_route=%2Fwp%2Fv2%2Ftags&post=25175"}],"curies":[{"name":"wp","href":"https:\/\/api.w.org\/{rel}","templated":true}]}}