{"id":25152,"date":"2023-09-11T09:39:17","date_gmt":"2023-09-11T12:39:17","guid":{"rendered":"http:\/\/www.fumssar.com.br\/?p=25152"},"modified":"2024-10-07T16:29:52","modified_gmt":"2024-10-07T19:29:52","slug":"inscricoes-abertas-para-o-programa-de-residencia-multiprofissional-em-saude-da-familia","status":"publish","type":"post","link":"https:\/\/www.fumssar.com.br\/?p=25152","title":{"rendered":"Inscri\u00e7\u00f5es abertas para o Programa de Resid\u00eancia Multiprofissional em Sa\u00fade da Fam\u00edlia"},"content":{"rendered":"\n<figure class=\"wp-block-image\"><img loading=\"lazy\" decoding=\"async\" width=\"1024\" height=\"1024\" src=\"https:\/\/www.fumssar.com.br\/wp-content\/uploads\/2023\/09\/WhatsApp-Image-2023-09-08-at-10.31.15-1024x1024.jpeg\" alt=\"\" class=\"wp-image-25153\" srcset=\"https:\/\/www.fumssar.com.br\/wp-content\/uploads\/2023\/09\/WhatsApp-Image-2023-09-08-at-10.31.15-1024x1024.jpeg 1024w, https:\/\/www.fumssar.com.br\/wp-content\/uploads\/2023\/09\/WhatsApp-Image-2023-09-08-at-10.31.15-150x150.jpeg 150w, https:\/\/www.fumssar.com.br\/wp-content\/uploads\/2023\/09\/WhatsApp-Image-2023-09-08-at-10.31.15-300x300.jpeg 300w, https:\/\/www.fumssar.com.br\/wp-content\/uploads\/2023\/09\/WhatsApp-Image-2023-09-08-at-10.31.15-768x768.jpeg 768w, https:\/\/www.fumssar.com.br\/wp-content\/uploads\/2023\/09\/WhatsApp-Image-2023-09-08-at-10.31.15.jpeg 1600w\" sizes=\"(max-width: 1024px) 100vw, 1024px\" \/><\/figure>\n\n\n\n<p>A Funda\u00e7\u00e3o Municipal de Sa\u00fade de Santa Rosa (Fumssar) e a Uniju\u00ed publicaram um edital para a sele\u00e7\u00e3o de candidatos \u00e0s vagas do Programa de Resid\u00eancia Multiprofissional em Sa\u00fade da Fam\u00edlia para o per\u00edodo letivo de 2024\/2026. Profissionais graduados e registrados em seus respectivos Conselhos Profissionais nas \u00e1reas de Educa\u00e7\u00e3o F\u00edsica (bacharelado), Enfermagem, Farm\u00e1cia, Nutri\u00e7\u00e3o, Odontologia, Psicologia e Servi\u00e7o Social podem se inscrever no processo seletivo.<\/p>\n\n\n\n<p>Acad\u00eamicos que estejam prestes a concluir o curso de gradua\u00e7\u00e3o tamb\u00e9m s\u00e3o eleg\u00edveis, contanto que a cola\u00e7\u00e3o de grau seja comprovada at\u00e9 o primeiro dia do per\u00edodo letivo do Programa. Al\u00e9m disso, \u00e9 necess\u00e1rio que o candidato seja residente e domiciliado no Brasil. A pessoa selecionada deve se dedicar exclusivamente \u00e0 Resid\u00eancia e n\u00e3o pode realizar outras atividades profissionais durante o per\u00edodo do programa.<\/p>\n\n\n\n<p>O Programa da Uniju\u00ed\/Fumssar \u00e9 reconhecido pelo Minist\u00e9rio da Educa\u00e7\u00e3o (MEC) e tem a dura\u00e7\u00e3o de dois anos. A Resid\u00eancia faz parte da modalidade de ensino P\u00f3s-Gradua\u00e7\u00e3o Lato Sensu e \u00e9 um curso de especializa\u00e7\u00e3o caracterizado pelo ensino em servi\u00e7o, sendo responsabilidade conjunta dos setores de educa\u00e7\u00e3o e sa\u00fade, com uma carga hor\u00e1ria de 60 horas semanais. Os residentes recebem uma bolsa-trabalho ap\u00f3s a admiss\u00e3o.<\/p>\n\n\n\n<p>O processo de sele\u00e7\u00e3o \u00e9 composto por quatro etapas distintas: prova escrita objetiva, carta de interesse, an\u00e1lise de t\u00edtulos e entrevista. A prova escrita est\u00e1 agendada para o dia 2 de dezembro, no campus Santa Rosa da Uniju\u00ed, e os candidatos devem entregar a carta de interesse e os documentos para an\u00e1lise de t\u00edtulos nesta data. A entrevista ser\u00e1 realizada em 15 de dezembro, e os resultados finais ser\u00e3o divulgados em 18 de dezembro.<\/p>\n\n\n\n<p>Confira o n\u00famero de vagas dispon\u00edveis para cada \u00e1rea:&nbsp;1 vaga para a \u00e1rea de Educa\u00e7\u00e3o F\u00edsica (bacharelado);&nbsp;4 vagas para Enfermagem;&nbsp;1 vaga para Farm\u00e1cia;&nbsp;1 vaga para Nutri\u00e7\u00e3o;&nbsp;2 vagas para Odontologia;&nbsp;1 vaga para Psicologia; e&nbsp;1 vaga para Servi\u00e7o Social.<\/p>\n\n\n\n<p>Os candidatos podem se inscrever acessando o site&nbsp;<a href=\"https:\/\/www.unijui.edu.br\/estude\/educacao-continuada\">unijui.edu.br\/pos<\/a>&nbsp;at\u00e9 26 de novembro, pelo site da Uniju\u00ed, onde o edital completo tamb\u00e9m est\u00e1 dispon\u00edvel. Para mais informa\u00e7\u00f5es, entre em contato pelo telefone 55 3332-0553 ou pelo e-mail educacaocontinuada@unijui.edu.br.<\/p>\n","protected":false},"excerpt":{"rendered":"<p>A Funda\u00e7\u00e3o Municipal de Sa\u00fade de Santa Rosa (Fumssar) e a Uniju\u00ed publicaram um edital&#8230;<\/p>\n","protected":false},"author":36,"featured_media":25153,"comment_status":"closed","ping_status":"closed","sticky":false,"template":"","format":"standard","meta":{"footnotes":""},"categories":[2],"tags":[],"_links":{"self":[{"href":"https:\/\/www.fumssar.com.br\/index.php?rest_route=\/wp\/v2\/posts\/25152"}],"collection":[{"href":"https:\/\/www.fumssar.com.br\/index.php?rest_route=\/wp\/v2\/posts"}],"about":[{"href":"https:\/\/www.fumssar.com.br\/index.php?rest_route=\/wp\/v2\/types\/post"}],"author":[{"embeddable":true,"href":"https:\/\/www.fumssar.com.br\/index.php?rest_route=\/wp\/v2\/users\/36"}],"replies":[{"embeddable":true,"href":"https:\/\/www.fumssar.com.br\/index.php?rest_route=%2Fwp%2Fv2%2Fcomments&post=25152"}],"version-history":[{"count":1,"href":"https:\/\/www.fumssar.com.br\/index.php?rest_route=\/wp\/v2\/posts\/25152\/revisions"}],"predecessor-version":[{"id":25154,"href":"https:\/\/www.fumssar.com.br\/index.php?rest_route=\/wp\/v2\/posts\/25152\/revisions\/25154"}],"wp:featuredmedia":[{"embeddable":true,"href":"https:\/\/www.fumssar.com.br\/index.php?rest_route=\/wp\/v2\/media\/25153"}],"wp:attachment":[{"href":"https:\/\/www.fumssar.com.br\/index.php?rest_route=%2Fwp%2Fv2%2Fmedia&parent=25152"}],"wp:term":[{"taxonomy":"category","embeddable":true,"href":"https:\/\/www.fumssar.com.br\/index.php?rest_route=%2Fwp%2Fv2%2Fcategories&post=25152"},{"taxonomy":"post_tag","embeddable":true,"href":"https:\/\/www.fumssar.com.br\/index.php?rest_route=%2Fwp%2Fv2%2Ftags&post=25152"}],"curies":[{"name":"wp","href":"https:\/\/api.w.org\/{rel}","templated":true}]}}