{"id":25147,"date":"2023-09-06T15:18:27","date_gmt":"2023-09-06T18:18:27","guid":{"rendered":"http:\/\/www.fumssar.com.br\/?p=25147"},"modified":"2024-10-07T16:29:53","modified_gmt":"2024-10-07T19:29:53","slug":"fluxos-digitais-avancam-na-fumssar","status":"publish","type":"post","link":"https:\/\/www.fumssar.com.br\/?p=25147","title":{"rendered":"Fluxos Digitais avan\u00e7am na FUMSSAR"},"content":{"rendered":"\n<figure class=\"wp-block-image\"><img loading=\"lazy\" decoding=\"async\" width=\"860\" height=\"645\" src=\"http:\/\/www.fumssar.com.br\/wp-content\/uploads\/2023\/09\/Formato-Site-e-Portal-860X645-JPG-55.png\" alt=\"\" class=\"wp-image-25148\" srcset=\"https:\/\/www.fumssar.com.br\/wp-content\/uploads\/2023\/09\/Formato-Site-e-Portal-860X645-JPG-55.png 860w, https:\/\/www.fumssar.com.br\/wp-content\/uploads\/2023\/09\/Formato-Site-e-Portal-860X645-JPG-55-300x225.png 300w, https:\/\/www.fumssar.com.br\/wp-content\/uploads\/2023\/09\/Formato-Site-e-Portal-860X645-JPG-55-768x576.png 768w\" sizes=\"(max-width: 860px) 100vw, 860px\" \/><\/figure>\n\n\n\n<p>A\nelabora\u00e7\u00e3o dos processos digitais continua evoluindo em v\u00e1rios setores do\nmunic\u00edpio, tanto na prefeitura, quanto na FUMSSAR, conforme definido no Planejamento\nEstrat\u00e9gico da Gest\u00e3o. Nesta semana, foi realizado um treinamento com as\nlideran\u00e7as da Funda\u00e7\u00e3o Municipal de Sa\u00fade, para a implementa\u00e7\u00e3o do processo de\nsolicita\u00e7\u00e3o de Licen\u00e7a Sa\u00fade Digital. A atividade foi coordenada pela Secretaria\nde Gest\u00e3o em parceria com a equipe diretiva da Funda\u00e7\u00e3o. <\/p>\n\n\n\n<p>Ap\u00f3s\no fluxo digital implementado, o servidor vai conseguir realizar a solicita\u00e7\u00e3o diretamente\nno computador ou pelo celular, n\u00e3o dependendo da chefia para efetivar a requisi\u00e7\u00e3o.\nO objetivo \u00e9 facilitar e tornar mais \u00e1gil o trabalho desenvolvido pelo setor de\nRecursos Humanos. Atualmente, esta atividade \u00e9 realizada atrav\u00e9s do envio de\nfotos e tamb\u00e9m, com a entrega f\u00edsica dos atestados originais. Em m\u00e9dia, s\u00e3o\nrecebidos 450 documentos por m\u00eas. Para Adriana Ulzafar, chefe do RH da FUMSSAR,\nal\u00e9m da agilidade, o processo tamb\u00e9m se torna mais seguro, pois frequentemente\nh\u00e1 d\u00favidas se os atestados foram entregues ou n\u00e3o, \u201cA aplica\u00e7\u00e3o do novo fluxo\nvai facilitar o controle dos afastamentos, bem como, otimizar o tempo e o espa\u00e7o\nf\u00edsico, considerando que n\u00e3o ser\u00e1 mais necess\u00e1rio o arquivo na pasta\nfuncional\u201d.<\/p>\n\n\n\n<p>O\nnovo processo passa a valer a partir do dia 18 de setembro. O Secret\u00e1rio de Gest\u00e3o,\nAdemir Rosa, ressalta que o trabalho vai fortalecer as a\u00e7\u00f5es integradas,\nbuscando efici\u00eancia, otimiza\u00e7\u00e3o dos recursos p\u00fablicos, gest\u00e3o das informa\u00e7\u00f5es e\nmais agilidade nas atividades, \u201cEstamos espelhando os processos j\u00e1\ndesenvolvidos na prefeitura para a Funda\u00e7\u00e3o Municipal de Sa\u00fade. Queremos que\ntodos os servi\u00e7os relacionados funcionem no mesmo formato\u201d. A FUMSSAR j\u00e1 conta\ncom 19 processos digitais, entre os principais, a solicita\u00e7\u00e3o de convoca\u00e7\u00e3o de\nhoras extras, solicita\u00e7\u00e3o e registro do ponto, declara\u00e7\u00e3o de bens, solicita\u00e7\u00e3o\nde \u00f3culos, fraldas, camas, muletas, colch\u00e3o, solicita\u00e7\u00e3o de teleconsulta,\nreceita, exames e consulta da fila de espera.<\/p>\n","protected":false},"excerpt":{"rendered":"<p>A elabora\u00e7\u00e3o dos processos digitais continua evoluindo em v\u00e1rios setores do munic\u00edpio, tanto na prefeitura,&#8230;<\/p>\n","protected":false},"author":36,"featured_media":25149,"comment_status":"closed","ping_status":"closed","sticky":false,"template":"","format":"standard","meta":{"footnotes":""},"categories":[2],"tags":[],"_links":{"self":[{"href":"https:\/\/www.fumssar.com.br\/index.php?rest_route=\/wp\/v2\/posts\/25147"}],"collection":[{"href":"https:\/\/www.fumssar.com.br\/index.php?rest_route=\/wp\/v2\/posts"}],"about":[{"href":"https:\/\/www.fumssar.com.br\/index.php?rest_route=\/wp\/v2\/types\/post"}],"author":[{"embeddable":true,"href":"https:\/\/www.fumssar.com.br\/index.php?rest_route=\/wp\/v2\/users\/36"}],"replies":[{"embeddable":true,"href":"https:\/\/www.fumssar.com.br\/index.php?rest_route=%2Fwp%2Fv2%2Fcomments&post=25147"}],"version-history":[{"count":1,"href":"https:\/\/www.fumssar.com.br\/index.php?rest_route=\/wp\/v2\/posts\/25147\/revisions"}],"predecessor-version":[{"id":25150,"href":"https:\/\/www.fumssar.com.br\/index.php?rest_route=\/wp\/v2\/posts\/25147\/revisions\/25150"}],"wp:featuredmedia":[{"embeddable":true,"href":"https:\/\/www.fumssar.com.br\/index.php?rest_route=\/wp\/v2\/media\/25149"}],"wp:attachment":[{"href":"https:\/\/www.fumssar.com.br\/index.php?rest_route=%2Fwp%2Fv2%2Fmedia&parent=25147"}],"wp:term":[{"taxonomy":"category","embeddable":true,"href":"https:\/\/www.fumssar.com.br\/index.php?rest_route=%2Fwp%2Fv2%2Fcategories&post=25147"},{"taxonomy":"post_tag","embeddable":true,"href":"https:\/\/www.fumssar.com.br\/index.php?rest_route=%2Fwp%2Fv2%2Ftags&post=25147"}],"curies":[{"name":"wp","href":"https:\/\/api.w.org\/{rel}","templated":true}]}}