{"id":2514,"date":"2014-09-23T14:21:36","date_gmt":"2014-09-23T14:21:36","guid":{"rendered":"http:\/\/www.fumssar.com.br\/?p=2514"},"modified":"2024-10-07T16:36:16","modified_gmt":"2024-10-07T19:36:16","slug":"santa-rosa-tera-centro-especializado-de-reabilitacao","status":"publish","type":"post","link":"https:\/\/www.fumssar.com.br\/?p=2514","title":{"rendered":"Santa Rosa ter\u00e1 Centro Especializado de Reabilita\u00e7\u00e3o"},"content":{"rendered":"<p>Assinado na tarde desta segunda-feira, 22 o contrato para a reforma do pr\u00e9dio que ir\u00e1 abrigar o Centro Especializado de Reabilita\u00e7\u00e3o-CER II que ir\u00e1 tratar pacientes com defici\u00eancia auditiva e intelectual. O Centro ir\u00e1 ofertar servi\u00e7os de implanta\u00e7\u00e3o de aparelhos auditivos bem como avalia\u00e7\u00f5es na \u00e1rea de audi\u00e7\u00e3o e consultas especializadas. O Presidente da Funda\u00e7\u00e3o Municipal de Sa\u00fade-FUMSSAR, Dr. Lu\u00eds Ant\u00f4nio Benvegn\u00fa, explicou que o centro ter\u00e1 capacidade para a implanta\u00e7\u00e3o de cerca de cem aparelhos mensais e consultas, com profissionais especializados para a especialidade. Benvegn\u00fa destacou que os servi\u00e7os ser\u00e3o de \u00e2mbito regional e a FUMSSAR est\u00e1 habilitada para a execu\u00e7\u00e3o dos servi\u00e7os, que atualmente \u00e9 prestado em Iju\u00ed. O presidente disse ainda que com a implanta\u00e7\u00e3o do centro em Santa Rosa os pacientes deixar\u00e3o de realizar diversas viagens, ficando mais c\u00f4modo e mais econ\u00f4mico. O CER ser\u00e1 instalado em uma das Casas que eram ocupadas pela AJURIS na\u00a0 Rua Sergipe \u00a0no centro da cidade. A empresa Brabol ir\u00e1 executar as obras de reformas\u00a0 e adapta\u00e7\u00e3o \u00a0para o \u00a0funcionamento. Participaram\u00a0 da assinatura do contrato o presidente da FUMSSAR,Dr. Lu\u00eds Ant\u00f4nio Benvegn\u00fa,O diretor da gest\u00e3o administrativa Aldair Melchior,o arquiteto do setor de infraestrutura da funda\u00e7\u00e3o Marcos Cartana e o diretor da empresa \u00a0Wilfredo\u00a0 Malta.<\/p>\n","protected":false},"excerpt":{"rendered":"<p>Assinado na tarde desta segunda-feira, 22 o contrato para a reforma do pr\u00e9dio que ir\u00e1&#8230;<\/p>\n","protected":false},"author":11,"featured_media":2515,"comment_status":"open","ping_status":"open","sticky":false,"template":"","format":"standard","meta":{"footnotes":""},"categories":[2],"tags":[],"_links":{"self":[{"href":"https:\/\/www.fumssar.com.br\/index.php?rest_route=\/wp\/v2\/posts\/2514"}],"collection":[{"href":"https:\/\/www.fumssar.com.br\/index.php?rest_route=\/wp\/v2\/posts"}],"about":[{"href":"https:\/\/www.fumssar.com.br\/index.php?rest_route=\/wp\/v2\/types\/post"}],"author":[{"embeddable":true,"href":"https:\/\/www.fumssar.com.br\/index.php?rest_route=\/wp\/v2\/users\/11"}],"replies":[{"embeddable":true,"href":"https:\/\/www.fumssar.com.br\/index.php?rest_route=%2Fwp%2Fv2%2Fcomments&post=2514"}],"version-history":[{"count":1,"href":"https:\/\/www.fumssar.com.br\/index.php?rest_route=\/wp\/v2\/posts\/2514\/revisions"}],"predecessor-version":[{"id":2516,"href":"https:\/\/www.fumssar.com.br\/index.php?rest_route=\/wp\/v2\/posts\/2514\/revisions\/2516"}],"wp:featuredmedia":[{"embeddable":true,"href":"https:\/\/www.fumssar.com.br\/index.php?rest_route=\/wp\/v2\/media\/2515"}],"wp:attachment":[{"href":"https:\/\/www.fumssar.com.br\/index.php?rest_route=%2Fwp%2Fv2%2Fmedia&parent=2514"}],"wp:term":[{"taxonomy":"category","embeddable":true,"href":"https:\/\/www.fumssar.com.br\/index.php?rest_route=%2Fwp%2Fv2%2Fcategories&post=2514"},{"taxonomy":"post_tag","embeddable":true,"href":"https:\/\/www.fumssar.com.br\/index.php?rest_route=%2Fwp%2Fv2%2Ftags&post=2514"}],"curies":[{"name":"wp","href":"https:\/\/api.w.org\/{rel}","templated":true}]}}