{"id":25124,"date":"2023-09-04T16:46:15","date_gmt":"2023-09-04T19:46:15","guid":{"rendered":"http:\/\/www.fumssar.com.br\/?p=25124"},"modified":"2024-10-07T16:29:53","modified_gmt":"2024-10-07T19:29:53","slug":"fumssar-disponibiliza-exame-auditivo-com-sedacao-para-criancas","status":"publish","type":"post","link":"https:\/\/www.fumssar.com.br\/?p=25124","title":{"rendered":"FUMSSAR disponibiliza exame auditivo com seda\u00e7\u00e3o para crian\u00e7as"},"content":{"rendered":"\n<figure class=\"wp-block-image\"><img loading=\"lazy\" decoding=\"async\" width=\"860\" height=\"645\" src=\"https:\/\/www.fumssar.com.br\/wp-content\/uploads\/2023\/09\/Formato-Site-e-Portal-860X645-JPG-2023-09-04T152117.038.jpg\" alt=\"\" class=\"wp-image-25125\" srcset=\"https:\/\/www.fumssar.com.br\/wp-content\/uploads\/2023\/09\/Formato-Site-e-Portal-860X645-JPG-2023-09-04T152117.038.jpg 860w, https:\/\/www.fumssar.com.br\/wp-content\/uploads\/2023\/09\/Formato-Site-e-Portal-860X645-JPG-2023-09-04T152117.038-300x225.jpg 300w, https:\/\/www.fumssar.com.br\/wp-content\/uploads\/2023\/09\/Formato-Site-e-Portal-860X645-JPG-2023-09-04T152117.038-768x576.jpg 768w\" sizes=\"(max-width: 860px) 100vw, 860px\" \/><\/figure>\n\n\n\n<p>A\nFunda\u00e7\u00e3o Municipal de Sa\u00fade de Santa Rosa continua ampliando os servi\u00e7os,\nvisando melhorar a sa\u00fade da popula\u00e7\u00e3o santa-rosense. Os usu\u00e1rios do SUS do\nmunic\u00edpio, t\u00eam \u00e0 disposi\u00e7\u00e3o mais um atendimento diferenciado ofertado pelo\nCentro Especializado em Reabilita\u00e7\u00e3o Auditiva e Intelectual &#8211; CER II. O exame\nde Potencial Evocado Auditivo de Tronco Encef\u00e1lico (PEATE), ou BERA, agora pode\nser realizado tamb\u00e9m com seda\u00e7\u00e3o. O procedimento \u00e9 indicado para avaliar a\naudi\u00e7\u00e3o e para que o resultado seja objetivo e confi\u00e1vel, o paciente deve estar\nem repouso total. Dessa forma, beb\u00eas e crian\u00e7as que n\u00e3o conseguem realizar o\nexame de forma natural, agora podem fazer com seda\u00e7\u00e3o.<\/p>\n\n\n\n<p>Esta\nnova condi\u00e7\u00e3o para a realiza\u00e7\u00e3o do exame, tem sido essencial para o diagn\u00f3stico\naudiol\u00f3gico de muitos usu\u00e1rios. O processo inicia com a indica\u00e7\u00e3o do\nneuropediatra, Dr. Guilherme Henz, que prescreve a medica\u00e7\u00e3o e que logo ap\u00f3s, \u00e9\nexecutada pela fonoaudi\u00f3loga, \u00c2ngela Mattiazzi, respons\u00e1vel pela avalia\u00e7\u00e3o,\n\u201cConsidero esta possibilidade muito importante para alguns casos espec\u00edficos,\ns\u00e3o crian\u00e7as que n\u00e3o dormem de forma natural por muito tempo e, portanto, s\u00f3\ncom a seda\u00e7\u00e3o conseguimos concluir o diagn\u00f3stico audiol\u00f3gico e indicar o\ntratamento adequado para estes pacientes\u201d, destaca \u00c2ngela.<\/p>\n\n\n\n<p>O\nPEATE tem o objetivo de examinar a integridade das vias auditivas, desde a\norelha interna at\u00e9 o enc\u00e9falo. Al\u00e9m disso, \u00e9 poss\u00edvel mensurar os limiares\nauditivos de um indiv\u00edduo sem a necessidade de respostas do paciente. \u00c9 um\nexame complementar dentro da bateria de exames audiol\u00f3gicos e tem indica\u00e7\u00e3o\nespec\u00edfica para alguns casos, como o de beb\u00eas que falharam no teste e reteste\nda orelhinha (OEA), beb\u00eas com hist\u00f3rico de IRDA (indicadores de risco para\ndefici\u00eancia auditiva), crian\u00e7as com atraso no desenvolvimento de linguagem\noral, entre outras situa\u00e7\u00f5es pontuais. A realiza\u00e7\u00e3o \u00e9 segura, indolor e sem\ncontra indica\u00e7\u00f5es.<\/p>\n","protected":false},"excerpt":{"rendered":"<p>A Funda\u00e7\u00e3o Municipal de Sa\u00fade de Santa Rosa continua ampliando os servi\u00e7os, visando melhorar a&#8230;<\/p>\n","protected":false},"author":36,"featured_media":25126,"comment_status":"closed","ping_status":"closed","sticky":false,"template":"","format":"standard","meta":{"footnotes":""},"categories":[2],"tags":[],"_links":{"self":[{"href":"https:\/\/www.fumssar.com.br\/index.php?rest_route=\/wp\/v2\/posts\/25124"}],"collection":[{"href":"https:\/\/www.fumssar.com.br\/index.php?rest_route=\/wp\/v2\/posts"}],"about":[{"href":"https:\/\/www.fumssar.com.br\/index.php?rest_route=\/wp\/v2\/types\/post"}],"author":[{"embeddable":true,"href":"https:\/\/www.fumssar.com.br\/index.php?rest_route=\/wp\/v2\/users\/36"}],"replies":[{"embeddable":true,"href":"https:\/\/www.fumssar.com.br\/index.php?rest_route=%2Fwp%2Fv2%2Fcomments&post=25124"}],"version-history":[{"count":1,"href":"https:\/\/www.fumssar.com.br\/index.php?rest_route=\/wp\/v2\/posts\/25124\/revisions"}],"predecessor-version":[{"id":25127,"href":"https:\/\/www.fumssar.com.br\/index.php?rest_route=\/wp\/v2\/posts\/25124\/revisions\/25127"}],"wp:featuredmedia":[{"embeddable":true,"href":"https:\/\/www.fumssar.com.br\/index.php?rest_route=\/wp\/v2\/media\/25126"}],"wp:attachment":[{"href":"https:\/\/www.fumssar.com.br\/index.php?rest_route=%2Fwp%2Fv2%2Fmedia&parent=25124"}],"wp:term":[{"taxonomy":"category","embeddable":true,"href":"https:\/\/www.fumssar.com.br\/index.php?rest_route=%2Fwp%2Fv2%2Fcategories&post=25124"},{"taxonomy":"post_tag","embeddable":true,"href":"https:\/\/www.fumssar.com.br\/index.php?rest_route=%2Fwp%2Fv2%2Ftags&post=25124"}],"curies":[{"name":"wp","href":"https:\/\/api.w.org\/{rel}","templated":true}]}}