{"id":25073,"date":"2023-09-01T17:17:52","date_gmt":"2023-09-01T20:17:52","guid":{"rendered":"http:\/\/www.fumssar.com.br\/?p=25073"},"modified":"2024-10-07T16:29:53","modified_gmt":"2024-10-07T19:29:53","slug":"setembro-amarelo-fumssar-amplia-debate-sobre-saude-mental-e-acesso-aos-servicos-publicos","status":"publish","type":"post","link":"https:\/\/www.fumssar.com.br\/?p=25073","title":{"rendered":"Setembro Amarelo: FUMSSAR amplia debate sobre sa\u00fade mental e acesso aos servi\u00e7os p\u00fablicos"},"content":{"rendered":"\n<p><em>Uma\nprograma\u00e7\u00e3o com diversas a\u00e7\u00f5es foi preparada para abordar o tema da campanha<\/em><\/p>\n\n\n\n<figure class=\"wp-block-image\"><img loading=\"lazy\" decoding=\"async\" width=\"860\" height=\"645\" src=\"https:\/\/www.fumssar.com.br\/wp-content\/uploads\/2023\/09\/Formato-Site-e-Portal-860X645-JPG-2023-09-01T155526.644.jpg\" alt=\"\" class=\"wp-image-25074\" srcset=\"https:\/\/www.fumssar.com.br\/wp-content\/uploads\/2023\/09\/Formato-Site-e-Portal-860X645-JPG-2023-09-01T155526.644.jpg 860w, https:\/\/www.fumssar.com.br\/wp-content\/uploads\/2023\/09\/Formato-Site-e-Portal-860X645-JPG-2023-09-01T155526.644-300x225.jpg 300w, https:\/\/www.fumssar.com.br\/wp-content\/uploads\/2023\/09\/Formato-Site-e-Portal-860X645-JPG-2023-09-01T155526.644-768x576.jpg 768w\" sizes=\"(max-width: 860px) 100vw, 860px\" \/><\/figure>\n\n\n\n<p>Durante\no \u201cSetembro Amarelo\u201d, campanha de preven\u00e7\u00e3o ao suic\u00eddio e que estimula o debate\nsobre sa\u00fade mental, a Prefeitura de Santa Rosa atrav\u00e9s da FUMSSAR e da Rede de\nAten\u00e7\u00e3o Psicossocial \u2013 RAPS, vai intensificar as a\u00e7\u00f5es desenvolvidas durante\ntodo o ano. A programa\u00e7\u00e3o divulgada nesta sexta-feira (01), vai contar com bate-papos,\npalestras, a\u00e7\u00f5es nas Unidades B\u00e1sicas de Sa\u00fade &#8211; UBSs e nos Centros de Aten\u00e7\u00e3o\nPsicossocial \u2013 CAPS do munic\u00edpio, al\u00e9m de atividades espec\u00edficas para jovens e\nadolescentes nas escolas. <\/p>\n\n\n\n<p>A\ncampanha deste ano, tem como tema: \u201cSe precisar, pe\u00e7a ajuda!\u201d. A Gerente da\nRAPS, Fl\u00e1via Albuquerque, destaca que o objetivo das atividades \u00e9 promover o\ndi\u00e1logo sobre medidas de preven\u00e7\u00e3o em sa\u00fade para valoriza\u00e7\u00e3o da vida, \u201cEste \u00e9\num assunto que deve ser debatido por toda a sociedade. S\u00e3o temas sens\u00edveis, mas\nque devem ser lembrados n\u00e3o s\u00f3 em setembro, mas todos os dias. Al\u00e9m de\nmelhorias para os servi\u00e7os de sa\u00fade mental do munic\u00edpio, essas discuss\u00f5es\nservem tamb\u00e9m, para nos preparar para que possamos enxergar que as vezes ao\nnosso lado, algu\u00e9m est\u00e1 precisando de ajuda\u201d.<\/p>\n\n\n\n<p>De\nacordo com dados do \u00faltimo boletim do Minist\u00e9rio da Sa\u00fade, a regi\u00e3o Sul\napresenta as maiores taxas de suic\u00eddio entre as regi\u00f5es brasileiras,\nprincipalmente entre jovens de 15 a 19 anos. O Presidente da FUMSSAR, D\u00e9lcio\nStefan, destaca que o trabalho conjunto entre todos os setores da sociedade \u00e9\nessencial para a promo\u00e7\u00e3o da sa\u00fade mental da popula\u00e7\u00e3o. Ele tamb\u00e9m refor\u00e7a que\na Rede de Aten\u00e7\u00e3o Psicossocial de Santa Rosa foi fortalecida, com melhorias\nestruturais e amplia\u00e7\u00e3o de profissionais, e atua de forma integrada aos\nservi\u00e7os de sa\u00fade e outras \u00e1reas, como esportiva, cultural e assistencial. \u201cO\nSetembro Amarelo nos convida a refor\u00e7ar a discuss\u00e3o sobre sa\u00fade mental. Durante\ntodo o ano, desenvolvemos a\u00e7\u00f5es com foco no bem-estar emocional da popula\u00e7\u00e3o,\nseja na rede especializada ou nos demais servi\u00e7os municipais\u201d, afirma.<\/p>\n\n\n\n<p>Confira abaixo a programa\u00e7\u00e3o completa do Setembro Amarelo:<\/p>\n\n\n\n<figure class=\"wp-block-image\"><img loading=\"lazy\" decoding=\"async\" width=\"1024\" height=\"1024\" src=\"https:\/\/www.fumssar.com.br\/wp-content\/uploads\/2023\/09\/set-amarelo-02-1024x1024.jpeg\" alt=\"\" class=\"wp-image-25075\" srcset=\"https:\/\/www.fumssar.com.br\/wp-content\/uploads\/2023\/09\/set-amarelo-02-1024x1024.jpeg 1024w, https:\/\/www.fumssar.com.br\/wp-content\/uploads\/2023\/09\/set-amarelo-02-150x150.jpeg 150w, https:\/\/www.fumssar.com.br\/wp-content\/uploads\/2023\/09\/set-amarelo-02-300x300.jpeg 300w, https:\/\/www.fumssar.com.br\/wp-content\/uploads\/2023\/09\/set-amarelo-02-768x768.jpeg 768w, https:\/\/www.fumssar.com.br\/wp-content\/uploads\/2023\/09\/set-amarelo-02.jpeg 1080w\" sizes=\"(max-width: 1024px) 100vw, 1024px\" \/><\/figure>\n","protected":false},"excerpt":{"rendered":"<p>Uma programa\u00e7\u00e3o com diversas a\u00e7\u00f5es foi preparada para abordar o tema da campanha Durante o&#8230;<\/p>\n","protected":false},"author":36,"featured_media":25076,"comment_status":"closed","ping_status":"closed","sticky":false,"template":"","format":"standard","meta":{"footnotes":""},"categories":[2],"tags":[],"_links":{"self":[{"href":"https:\/\/www.fumssar.com.br\/index.php?rest_route=\/wp\/v2\/posts\/25073"}],"collection":[{"href":"https:\/\/www.fumssar.com.br\/index.php?rest_route=\/wp\/v2\/posts"}],"about":[{"href":"https:\/\/www.fumssar.com.br\/index.php?rest_route=\/wp\/v2\/types\/post"}],"author":[{"embeddable":true,"href":"https:\/\/www.fumssar.com.br\/index.php?rest_route=\/wp\/v2\/users\/36"}],"replies":[{"embeddable":true,"href":"https:\/\/www.fumssar.com.br\/index.php?rest_route=%2Fwp%2Fv2%2Fcomments&post=25073"}],"version-history":[{"count":1,"href":"https:\/\/www.fumssar.com.br\/index.php?rest_route=\/wp\/v2\/posts\/25073\/revisions"}],"predecessor-version":[{"id":25077,"href":"https:\/\/www.fumssar.com.br\/index.php?rest_route=\/wp\/v2\/posts\/25073\/revisions\/25077"}],"wp:featuredmedia":[{"embeddable":true,"href":"https:\/\/www.fumssar.com.br\/index.php?rest_route=\/wp\/v2\/media\/25076"}],"wp:attachment":[{"href":"https:\/\/www.fumssar.com.br\/index.php?rest_route=%2Fwp%2Fv2%2Fmedia&parent=25073"}],"wp:term":[{"taxonomy":"category","embeddable":true,"href":"https:\/\/www.fumssar.com.br\/index.php?rest_route=%2Fwp%2Fv2%2Fcategories&post=25073"},{"taxonomy":"post_tag","embeddable":true,"href":"https:\/\/www.fumssar.com.br\/index.php?rest_route=%2Fwp%2Fv2%2Ftags&post=25073"}],"curies":[{"name":"wp","href":"https:\/\/api.w.org\/{rel}","templated":true}]}}