{"id":25032,"date":"2023-08-30T17:15:32","date_gmt":"2023-08-30T20:15:32","guid":{"rendered":"http:\/\/www.fumssar.com.br\/?p=25032"},"modified":"2024-10-07T16:29:53","modified_gmt":"2024-10-07T19:29:53","slug":"presidente-da-fumssar-participa-de-importantes-agendas-em-porto-alegre","status":"publish","type":"post","link":"https:\/\/www.fumssar.com.br\/?p=25032","title":{"rendered":"Presidente da FUMSSAR participa de importantes agendas em Porto Alegre"},"content":{"rendered":"\n<figure class=\"wp-block-image\"><img loading=\"lazy\" decoding=\"async\" width=\"860\" height=\"645\" src=\"https:\/\/www.fumssar.com.br\/wp-content\/uploads\/2023\/08\/Formato-Site-e-Portal-860X645-JPG-2023-08-30T171300.463.jpg\" alt=\"\" class=\"wp-image-25051\" srcset=\"https:\/\/www.fumssar.com.br\/wp-content\/uploads\/2023\/08\/Formato-Site-e-Portal-860X645-JPG-2023-08-30T171300.463.jpg 860w, https:\/\/www.fumssar.com.br\/wp-content\/uploads\/2023\/08\/Formato-Site-e-Portal-860X645-JPG-2023-08-30T171300.463-300x225.jpg 300w, https:\/\/www.fumssar.com.br\/wp-content\/uploads\/2023\/08\/Formato-Site-e-Portal-860X645-JPG-2023-08-30T171300.463-768x576.jpg 768w\" sizes=\"(max-width: 860px) 100vw, 860px\" \/><\/figure>\n\n\n\n<p>O\nPresidente da Funda\u00e7\u00e3o Municipal de Sa\u00fade de Santa Rosa, D\u00e9lcio Stefan est\u00e1 desde\na segunda-feira (28), em Porto Alegre, participando de importantes agendas da\n\u00e1rea da sa\u00fade. Ele esteve no Lan\u00e7amento da Campanha Estadual de Doa\u00e7\u00e3o de\n\u00d3rg\u00e3os e Tecidos: \u201cO Amor Vive\u201d, promovido pelo Governo do RS e no evento de Auditoria-Geral\ndo SUS (AudSUS), na Oficina Regional do SNA \u2013 Sul \u201cA integra\u00e7\u00e3o do SNA AudSUS\nem movimento\u201d.<\/p>\n\n\n\n<p>D\u00e9lcio\nesteve representando Santa Rosa no lan\u00e7amento da Campanha \u201cO Amor Vive\u201d, que foi\nrealizado durante um espet\u00e1culo do Mirage Circus. O objetivo foi lembrar aos\ncidad\u00e3os, que o maior espet\u00e1culo \u00e9 o da vida. O evento contou com a presen\u00e7a do\nVice-Governador Gabriel Souza, da Secret\u00e1ria de Sa\u00fade, Arita Bergmann e do\npropriet\u00e1rio da casa, o ator Marcos Frota. No mesmo dia, o presidente da Funda\u00e7\u00e3o\nde Sa\u00fade participou de uma reuni\u00e3o no Conselho das Secretarias Municipais de\nSa\u00fade do Rio Grande do Sul (COSEMS\/RS).<\/p>\n\n\n\n<p>Ainda na segunda-feira, D\u00e9lcio prestigiou a abertura oficial da Oficina Regional do SNA \u2013 Sul \u201cA integra\u00e7\u00e3o do SNA AudSUS em movimento\u201d, que vai at\u00e9 esta quarta-feira (30). Estavam presentes no evento, mais de 130 auditores e t\u00e9cnicos do Rio Grande do Sul, Paran\u00e1 e Santa Catarina. Na oportunidade, foram debatidos conceitos de auditoria e controle interno do Sistema \u00danico de Sa\u00fade (SUS). \u201cFoi um momento muito importante onde podemos trocar experi\u00eancias e encaminhar sugest\u00f5es para promover uma maior integra\u00e7\u00e3o entre a Uni\u00e3o, Estado e Munic\u00edpios\u201d, destacou D\u00e9lcio Stefan. O Presidente da FUMSSAR, al\u00e9m de representar Santa Rosa na oficina, tamb\u00e9m estava representando o Conselho de Secret\u00e1rios do Rio Grande do Sul, no qual faz parte da diretoria, atuando como Tesoureiro.<\/p>\n\n\n\n<ul class=\"wp-block-gallery columns-2 is-cropped wp-block-gallery-1 is-layout-flex wp-block-gallery-is-layout-flex\"><li class=\"blocks-gallery-item\"><figure><img loading=\"lazy\" decoding=\"async\" width=\"860\" height=\"645\" src=\"https:\/\/www.fumssar.com.br\/wp-content\/uploads\/2023\/08\/d\u00e9lcio-poa-02.png\" alt=\"\" data-id=\"25052\" data-link=\"https:\/\/www.fumssar.com.br\/?attachment_id=25052\" class=\"wp-image-25052\" srcset=\"https:\/\/www.fumssar.com.br\/wp-content\/uploads\/2023\/08\/d\u00e9lcio-poa-02.png 860w, https:\/\/www.fumssar.com.br\/wp-content\/uploads\/2023\/08\/d\u00e9lcio-poa-02-300x225.png 300w, https:\/\/www.fumssar.com.br\/wp-content\/uploads\/2023\/08\/d\u00e9lcio-poa-02-768x576.png 768w\" sizes=\"(max-width: 860px) 100vw, 860px\" \/><\/figure><\/li><li class=\"blocks-gallery-item\"><figure><img loading=\"lazy\" decoding=\"async\" width=\"860\" height=\"645\" src=\"https:\/\/www.fumssar.com.br\/wp-content\/uploads\/2023\/08\/d\u00e9lcio-poa-01.png\" alt=\"\" data-id=\"25053\" data-link=\"https:\/\/www.fumssar.com.br\/?attachment_id=25053\" class=\"wp-image-25053\" srcset=\"https:\/\/www.fumssar.com.br\/wp-content\/uploads\/2023\/08\/d\u00e9lcio-poa-01.png 860w, https:\/\/www.fumssar.com.br\/wp-content\/uploads\/2023\/08\/d\u00e9lcio-poa-01-300x225.png 300w, https:\/\/www.fumssar.com.br\/wp-content\/uploads\/2023\/08\/d\u00e9lcio-poa-01-768x576.png 768w\" sizes=\"(max-width: 860px) 100vw, 860px\" \/><\/figure><\/li><\/ul>\n","protected":false},"excerpt":{"rendered":"<p>O Presidente da Funda\u00e7\u00e3o Municipal de Sa\u00fade de Santa Rosa, D\u00e9lcio Stefan est\u00e1 desde a&#8230;<\/p>\n","protected":false},"author":36,"featured_media":25054,"comment_status":"closed","ping_status":"closed","sticky":false,"template":"","format":"standard","meta":{"footnotes":""},"categories":[2],"tags":[],"_links":{"self":[{"href":"https:\/\/www.fumssar.com.br\/index.php?rest_route=\/wp\/v2\/posts\/25032"}],"collection":[{"href":"https:\/\/www.fumssar.com.br\/index.php?rest_route=\/wp\/v2\/posts"}],"about":[{"href":"https:\/\/www.fumssar.com.br\/index.php?rest_route=\/wp\/v2\/types\/post"}],"author":[{"embeddable":true,"href":"https:\/\/www.fumssar.com.br\/index.php?rest_route=\/wp\/v2\/users\/36"}],"replies":[{"embeddable":true,"href":"https:\/\/www.fumssar.com.br\/index.php?rest_route=%2Fwp%2Fv2%2Fcomments&post=25032"}],"version-history":[{"count":1,"href":"https:\/\/www.fumssar.com.br\/index.php?rest_route=\/wp\/v2\/posts\/25032\/revisions"}],"predecessor-version":[{"id":25055,"href":"https:\/\/www.fumssar.com.br\/index.php?rest_route=\/wp\/v2\/posts\/25032\/revisions\/25055"}],"wp:featuredmedia":[{"embeddable":true,"href":"https:\/\/www.fumssar.com.br\/index.php?rest_route=\/wp\/v2\/media\/25054"}],"wp:attachment":[{"href":"https:\/\/www.fumssar.com.br\/index.php?rest_route=%2Fwp%2Fv2%2Fmedia&parent=25032"}],"wp:term":[{"taxonomy":"category","embeddable":true,"href":"https:\/\/www.fumssar.com.br\/index.php?rest_route=%2Fwp%2Fv2%2Fcategories&post=25032"},{"taxonomy":"post_tag","embeddable":true,"href":"https:\/\/www.fumssar.com.br\/index.php?rest_route=%2Fwp%2Fv2%2Ftags&post=25032"}],"curies":[{"name":"wp","href":"https:\/\/api.w.org\/{rel}","templated":true}]}}