{"id":25024,"date":"2023-08-29T09:23:58","date_gmt":"2023-08-29T12:23:58","guid":{"rendered":"http:\/\/www.fumssar.com.br\/?p=25024"},"modified":"2024-10-07T16:29:53","modified_gmt":"2024-10-07T19:29:53","slug":"debate-sobre-os-riscos-do-narguile-cigarro-eletronico-e-cigarro-convencional-marca-o-dia-nacional-de-combate-ao-fumo","status":"publish","type":"post","link":"https:\/\/www.fumssar.com.br\/?p=25024","title":{"rendered":"Debate sobre os riscos do narguil\u00e9, cigarro eletr\u00f4nico e cigarro convencional marca o Dia Nacional de Combate ao Fumo"},"content":{"rendered":"\n<figure class=\"wp-block-image\"><img loading=\"lazy\" decoding=\"async\" width=\"860\" height=\"645\" src=\"https:\/\/www.fumssar.com.br\/wp-content\/uploads\/2023\/08\/Formato-Site-e-Portal-860X645-JPG-2023-08-29T091934.713.jpg\" alt=\"\" class=\"wp-image-25025\" srcset=\"https:\/\/www.fumssar.com.br\/wp-content\/uploads\/2023\/08\/Formato-Site-e-Portal-860X645-JPG-2023-08-29T091934.713.jpg 860w, https:\/\/www.fumssar.com.br\/wp-content\/uploads\/2023\/08\/Formato-Site-e-Portal-860X645-JPG-2023-08-29T091934.713-300x225.jpg 300w, https:\/\/www.fumssar.com.br\/wp-content\/uploads\/2023\/08\/Formato-Site-e-Portal-860X645-JPG-2023-08-29T091934.713-768x576.jpg 768w\" sizes=\"(max-width: 860px) 100vw, 860px\" \/><\/figure>\n\n\n\n<p>Profissionais\nde sa\u00fade da FUMSSAR realizaram uma atividade com os alunos da Escola Municipal\nde Ensino Fundamental Nossa Senhora de F\u00e1tima. Na oportunidade, foi abordado o\ntema: \u201cNovos fatores de risco \u00e0 vista: uso de narguil\u00e9, cigarros eletr\u00f4nicos e\ncigarros convencionais\u201d. A a\u00e7\u00e3o faz parte da estrat\u00e9gia do Programa Nacional de\nSa\u00fade na Escola \u2013 PSE. Estudantes do 7\u00ba, 8\u00ba e 9\u00ba ano receberam orienta\u00e7\u00f5es\nsobre o c\u00e2ncer de boca, os malef\u00edcios do uso do tabaco e da depend\u00eancia da\nnicotina. O Dia Nacional de Combate ao Fumo \u00e9 lembrado nesta ter\u00e7a-feira, 29 de\nagosto e tem como objetivo refor\u00e7ar as a\u00e7\u00f5es de sensibiliza\u00e7\u00e3o e mobiliza\u00e7\u00e3o da\npopula\u00e7\u00e3o para os danos sociais, pol\u00edticos, econ\u00f4micos e ambientais causados pelo\ntabaco.<\/p>\n\n\n\n<p>O\ntabagismo \u00e9 uma doen\u00e7a cr\u00f4nica que causa depend\u00eancia f\u00edsica, psicol\u00f3gica e\ncomportamental. A nicotina, subst\u00e2ncia presente em qualquer derivado do tabaco\n(cigarro, charuto, cachimbo, cigarro de palha, narguil\u00e9 e cigarro eletr\u00f4nico),\n\u00e9 a respons\u00e1vel por essa depend\u00eancia. &nbsp;A\nGerente da Rede de Aten\u00e7\u00e3o Psicossocial \u2013 RAPS, a psic\u00f3loga Fl\u00e1via Albuquerque,\ndestacou que mais do que uma depend\u00eancia f\u00edsica, trata-se, ainda, de um refor\u00e7o\ncomportamental, com fatores psicol\u00f3gicos e sociais, \u201cJ\u00e1 se sabe, por exemplo,\nque as pessoas que buscam o cigarro em situa\u00e7\u00f5es de estresse, ansiedade e\ntristeza t\u00eam alto grau de depend\u00eancia, assim como aqueles que s\u00f3 se sentem em\ncondi\u00e7\u00f5es de se concentrar, produzir ou trabalhar depois de fumar\u201d.<\/p>\n\n\n\n<p>Os\nusu\u00e1rios de tabaco s\u00e3o expostos continuamente a mais de quatro mil subst\u00e2ncias\nt\u00f3xicas, sendo algumas delas cancer\u00edgenas. De acordo com o INCA e o Minist\u00e9rio\nda Sa\u00fade, essa exposi\u00e7\u00e3o faz do tabagismo o maior fator de risco isolado para\ndoen\u00e7as graves e fatais. A cirurgi\u00e3-dentista Mayara Trapp Vogel, respons\u00e1vel\npor coordenar a atividade realizada na EMEF, ressaltou a import\u00e2ncia da a\u00e7\u00e3o, \u201cO\naumento do uso de cigarros eletr\u00f4nicos pelos adolescentes tem colocado escolas\ne profissionais de sa\u00fade em alerta. O desafio acerca do cigarro eletr\u00f4nico, no\nentanto, \u00e9 grande, visto que, s\u00e3o comercializados para atrair o p\u00fablico jovem. Por\nisso, \u00e9 t\u00e3o importante abordar esse assunto nas escolas e refor\u00e7ar medidas de\npreven\u00e7\u00e3o que possam evitar doen\u00e7as futuras\u201d. Santa Rosa possui um Centro de\nAten\u00e7\u00e3o Psicossocial \u2013 CAPS AD Movimento, que \u00e9 refer\u00eancia para o tratamento do\ntabagismo. A unidade conta com uma equipe multiprofissional capacitada e apoio\nmedicamentoso, quando necess\u00e1rio.<\/p>\n","protected":false},"excerpt":{"rendered":"<p>Profissionais de sa\u00fade da FUMSSAR realizaram uma atividade com os alunos da Escola Municipal de&#8230;<\/p>\n","protected":false},"author":36,"featured_media":25026,"comment_status":"closed","ping_status":"closed","sticky":false,"template":"","format":"standard","meta":{"footnotes":""},"categories":[2],"tags":[],"_links":{"self":[{"href":"https:\/\/www.fumssar.com.br\/index.php?rest_route=\/wp\/v2\/posts\/25024"}],"collection":[{"href":"https:\/\/www.fumssar.com.br\/index.php?rest_route=\/wp\/v2\/posts"}],"about":[{"href":"https:\/\/www.fumssar.com.br\/index.php?rest_route=\/wp\/v2\/types\/post"}],"author":[{"embeddable":true,"href":"https:\/\/www.fumssar.com.br\/index.php?rest_route=\/wp\/v2\/users\/36"}],"replies":[{"embeddable":true,"href":"https:\/\/www.fumssar.com.br\/index.php?rest_route=%2Fwp%2Fv2%2Fcomments&post=25024"}],"version-history":[{"count":1,"href":"https:\/\/www.fumssar.com.br\/index.php?rest_route=\/wp\/v2\/posts\/25024\/revisions"}],"predecessor-version":[{"id":25027,"href":"https:\/\/www.fumssar.com.br\/index.php?rest_route=\/wp\/v2\/posts\/25024\/revisions\/25027"}],"wp:featuredmedia":[{"embeddable":true,"href":"https:\/\/www.fumssar.com.br\/index.php?rest_route=\/wp\/v2\/media\/25026"}],"wp:attachment":[{"href":"https:\/\/www.fumssar.com.br\/index.php?rest_route=%2Fwp%2Fv2%2Fmedia&parent=25024"}],"wp:term":[{"taxonomy":"category","embeddable":true,"href":"https:\/\/www.fumssar.com.br\/index.php?rest_route=%2Fwp%2Fv2%2Fcategories&post=25024"},{"taxonomy":"post_tag","embeddable":true,"href":"https:\/\/www.fumssar.com.br\/index.php?rest_route=%2Fwp%2Fv2%2Ftags&post=25024"}],"curies":[{"name":"wp","href":"https:\/\/api.w.org\/{rel}","templated":true}]}}