{"id":24967,"date":"2023-08-21T16:05:05","date_gmt":"2023-08-21T19:05:05","guid":{"rendered":"http:\/\/www.fumssar.com.br\/?p=24967"},"modified":"2024-10-07T16:29:53","modified_gmt":"2024-10-07T19:29:53","slug":"inscricoes-abertas-para-o-programa-movimenta","status":"publish","type":"post","link":"https:\/\/www.fumssar.com.br\/?p=24967","title":{"rendered":"Inscri\u00e7\u00f5es abertas para o Programa Movimenta"},"content":{"rendered":"\n<figure class=\"wp-block-image\"><img loading=\"lazy\" decoding=\"async\" width=\"1024\" height=\"1024\" src=\"https:\/\/www.fumssar.com.br\/wp-content\/uploads\/2023\/08\/WhatsApp-Image-2023-08-17-at-14.38.13-1024x1024.jpeg\" alt=\"\" class=\"wp-image-24968\" srcset=\"https:\/\/www.fumssar.com.br\/wp-content\/uploads\/2023\/08\/WhatsApp-Image-2023-08-17-at-14.38.13-1024x1024.jpeg 1024w, https:\/\/www.fumssar.com.br\/wp-content\/uploads\/2023\/08\/WhatsApp-Image-2023-08-17-at-14.38.13-150x150.jpeg 150w, https:\/\/www.fumssar.com.br\/wp-content\/uploads\/2023\/08\/WhatsApp-Image-2023-08-17-at-14.38.13-300x300.jpeg 300w, https:\/\/www.fumssar.com.br\/wp-content\/uploads\/2023\/08\/WhatsApp-Image-2023-08-17-at-14.38.13-768x768.jpeg 768w, https:\/\/www.fumssar.com.br\/wp-content\/uploads\/2023\/08\/WhatsApp-Image-2023-08-17-at-14.38.13.jpeg 1080w\" sizes=\"(max-width: 1024px) 100vw, 1024px\" \/><\/figure>\n\n\n\n<p>A\nFunda\u00e7\u00e3o Municipal de Sa\u00fade de Santa Rosa informa que est\u00e3o abertas as inscri\u00e7\u00f5es\npara o Programa Movimenta. A atividade \u00e9 realizada em parceria com a Secretaria\nde Educa\u00e7\u00e3o e Cultura e o Laborat\u00f3rio de Atividade F\u00edsica e Promo\u00e7\u00e3o da Sa\u00fade\nda UNIJU\u00cd \u2013 LAFPS. O objetivo \u00e9 promover h\u00e1bitos para uma alimenta\u00e7\u00e3o saud\u00e1vel,\nprevenir a obesidade infantil e estimular a pr\u00e1tica de atividades f\u00edsicas. Podem\nparticipar do programa, estudantes do 6\u00ba ao 9\u00ba ano de todas as escolas de Santa\nRosa (rede municipal, estadual e particular). <\/p>\n\n\n\n<p>A\na\u00e7\u00e3o faz parte do Programa Sa\u00fade na Escola \u2013 PSE, desenvolvido pela FUMSSAR. A\nDiretora da Aten\u00e7\u00e3o Prim\u00e1ria \u00e0 Sa\u00fade, Dra. Fabiana Breitenbach, destaca que o\nprojeto proporciona diversos benef\u00edcios aos alunos, como a promo\u00e7\u00e3o de pr\u00e1ticas\ncorporais, atendimento nutricional e psicol\u00f3gico, \u201cO Movimenta foi criado como\numa a\u00e7\u00e3o estrat\u00e9gica para melhorar a sa\u00fade das crian\u00e7as e adolescentes de Santa\nRosa. Nosso objetivo \u00e9 oferecer um cuidado integral para estes jovens, auxiliando\npara uma melhor qualidade de vida e bem-estar\u201d. <\/p>\n\n\n\n<p>Mediante\nautoriza\u00e7\u00e3o dos pais ou respons\u00e1veis, os alunos que ingressarem no programa v\u00e3o\npassar por uma avalia\u00e7\u00e3o detalhada, que investiga os aspectos biopsicossociais\ne condi\u00e7\u00f5es de sa\u00fade de cada estudante. Ap\u00f3s a avalia\u00e7\u00e3o, os alunos ser\u00e3o\nencaminhados para o atendimento nutricional e psicol\u00f3gico, al\u00e9m de participar\nsemanalmente do grupo de atividades f\u00edsicas. As aulas do Movimenta v\u00e3o\nacontecer de segunda a sexta-feira, das 14h \u00e0s 17h, na UNIJU\u00cd campus Santa Rosa.\nAs inscri\u00e7\u00f5es podem ser realizadas pelo formul\u00e1rio no link abaixo:<\/p>\n\n\n\n<p><a href=\"https:\/\/forms.gle\/29xmyfpgJbeJSZab6\">https:\/\/forms.gle\/29xmyfpgJbeJSZab6<\/a><\/p>\n","protected":false},"excerpt":{"rendered":"<p>A Funda\u00e7\u00e3o Municipal de Sa\u00fade de Santa Rosa informa que est\u00e3o abertas as inscri\u00e7\u00f5es para&#8230;<\/p>\n","protected":false},"author":36,"featured_media":24969,"comment_status":"closed","ping_status":"closed","sticky":false,"template":"","format":"standard","meta":{"footnotes":""},"categories":[2],"tags":[],"_links":{"self":[{"href":"https:\/\/www.fumssar.com.br\/index.php?rest_route=\/wp\/v2\/posts\/24967"}],"collection":[{"href":"https:\/\/www.fumssar.com.br\/index.php?rest_route=\/wp\/v2\/posts"}],"about":[{"href":"https:\/\/www.fumssar.com.br\/index.php?rest_route=\/wp\/v2\/types\/post"}],"author":[{"embeddable":true,"href":"https:\/\/www.fumssar.com.br\/index.php?rest_route=\/wp\/v2\/users\/36"}],"replies":[{"embeddable":true,"href":"https:\/\/www.fumssar.com.br\/index.php?rest_route=%2Fwp%2Fv2%2Fcomments&post=24967"}],"version-history":[{"count":1,"href":"https:\/\/www.fumssar.com.br\/index.php?rest_route=\/wp\/v2\/posts\/24967\/revisions"}],"predecessor-version":[{"id":24970,"href":"https:\/\/www.fumssar.com.br\/index.php?rest_route=\/wp\/v2\/posts\/24967\/revisions\/24970"}],"wp:featuredmedia":[{"embeddable":true,"href":"https:\/\/www.fumssar.com.br\/index.php?rest_route=\/wp\/v2\/media\/24969"}],"wp:attachment":[{"href":"https:\/\/www.fumssar.com.br\/index.php?rest_route=%2Fwp%2Fv2%2Fmedia&parent=24967"}],"wp:term":[{"taxonomy":"category","embeddable":true,"href":"https:\/\/www.fumssar.com.br\/index.php?rest_route=%2Fwp%2Fv2%2Fcategories&post=24967"},{"taxonomy":"post_tag","embeddable":true,"href":"https:\/\/www.fumssar.com.br\/index.php?rest_route=%2Fwp%2Fv2%2Ftags&post=24967"}],"curies":[{"name":"wp","href":"https:\/\/api.w.org\/{rel}","templated":true}]}}