{"id":24930,"date":"2023-08-15T09:56:21","date_gmt":"2023-08-15T12:56:21","guid":{"rendered":"http:\/\/www.fumssar.com.br\/?p=24930"},"modified":"2024-10-07T16:29:53","modified_gmt":"2024-10-07T19:29:53","slug":"saude-publica-de-santa-rosa-e-destaque-na-argentina","status":"publish","type":"post","link":"https:\/\/www.fumssar.com.br\/?p=24930","title":{"rendered":"Sa\u00fade P\u00fablica de Santa Rosa \u00e9 destaque na Argentina"},"content":{"rendered":"\n<figure class=\"wp-block-image\"><img loading=\"lazy\" decoding=\"async\" width=\"860\" height=\"645\" src=\"https:\/\/www.fumssar.com.br\/wp-content\/uploads\/2023\/08\/Formato-Site-e-Portal-860X645-JPG-2023-08-14T153035.203.jpg\" alt=\"\" class=\"wp-image-24931\" srcset=\"https:\/\/www.fumssar.com.br\/wp-content\/uploads\/2023\/08\/Formato-Site-e-Portal-860X645-JPG-2023-08-14T153035.203.jpg 860w, https:\/\/www.fumssar.com.br\/wp-content\/uploads\/2023\/08\/Formato-Site-e-Portal-860X645-JPG-2023-08-14T153035.203-300x225.jpg 300w, https:\/\/www.fumssar.com.br\/wp-content\/uploads\/2023\/08\/Formato-Site-e-Portal-860X645-JPG-2023-08-14T153035.203-768x576.jpg 768w\" sizes=\"(max-width: 860px) 100vw, 860px\" \/><\/figure>\n\n\n\n<p><em>Comitiva\nda Argentina visita a FUMSSAR para conhecer o sistema de sa\u00fade e as experi\u00eancias\nde Santa Rosa<\/em><\/p>\n\n\n\n<p>A\nequipe diretiva da Funda\u00e7\u00e3o Municipal de Sa\u00fade de Santa Rosa recebeu a visita\nde uma comitiva de m\u00e9dicos e lideran\u00e7as pol\u00edticas de Curuz\u00fa Cuati\u00e1, cidade\nArgentina, localizada na prov\u00edncia de Corrientes. Liderados pelo C\u00f4nsul-Adjunto\ndo Consulado da Argentina em Uruguaiana, Fernando Flores, os visitantes foram recebidos\npelo Presidente da FUMSSAR, D\u00e9lcio Stefan e pelos diretores: Rog\u00e9rio Santos (Gest\u00e3o\nAdministrativa) e Fernando Borella (Gest\u00e3o Estrat\u00e9gica e Participativa). O\nobjetivo do encontro foi apresentar o sistema de sa\u00fade p\u00fablica de Santa Rosa,\nque tem sido refer\u00eancia dentro e fora do pa\u00eds.<\/p>\n\n\n\n<p>A\ncomitiva teve a oportunidade de conhecer al\u00e9m do pr\u00e9dio administrativo da\nFunda\u00e7\u00e3o, o funcionamento da Farm\u00e1cia Municipal, Centro de Especialidades e\nCEREST. O C\u00f4nsul-Adjunto Fernando Flores, destacou que o modelo de gest\u00e3o da\nsa\u00fade utilizado por Santa Rosa \u00e9 refer\u00eancia no Rio Grande do Sul, Brasil e para\nos pa\u00edses vizinhos, como a Argentina, \u201cFoi uma \u00f3tima oportunidade conhecer mais\nsobre a experi\u00eancia de Santa Rosa na \u00e1rea da sa\u00fade. Vimos que h\u00e1 capacidade de\namplia\u00e7\u00e3o de alguns servi\u00e7os, o que vai possibilitar a gera\u00e7\u00e3o de novas vagas\nde trabalho para muitos profissionais, inclusive com portas abertas para os profissionais\nda \u00e1rea de sa\u00fade de toda a Am\u00e9rica Latina\u201d. <\/p>\n\n\n\n<p>Ap\u00f3s\na visita na FUMSSAR, o Presidente D\u00e9lcio Stefan, acompanhou a comitiva para\nconhecer tamb\u00e9m o Hospital Vida e Sa\u00fade. \u201c\u00c9 uma honra receber lideran\u00e7as que v\u00eam\nat\u00e9 Santa Rosa para entender como funciona nosso gerenciamento da sa\u00fade\np\u00fablica. Temos muito orgulho do trabalho que vem sendo realizado no munic\u00edpio,\nsempre implementando a\u00e7\u00f5es e servi\u00e7os que proporcionem um cuidado integral da\npopula\u00e7\u00e3o\u201d, destacou D\u00e9lcio. A equipe diretiva da Funda\u00e7\u00e3o ainda apresentou aos\nargentinos alguns pr\u00eamios alcan\u00e7ados no \u00faltimo ano, como a conquista do 1\u00ba\nlugar na categoria Sa\u00fade, no Ranking Connected Smart Cities, dentre os\nmunic\u00edpios de 50 a 100 mil habitantes do Estado. Nesta edi\u00e7\u00e3o, o munic\u00edpio\ntamb\u00e9m conquistou o 2\u00ba lugar, ficando como a segunda melhor cidade em presta\u00e7\u00e3o\ndos servi\u00e7os de sa\u00fade no Rio Grande do Sul e em 47\u00ba lugar no pa\u00eds, fazendo\nparte da lista dos 100 melhores munic\u00edpios do Brasil, no recorte Sa\u00fade.<\/p>\n\n\n\n<p>Fizeram\nparte da comitiva de Curuz\u00fa Cuati\u00e1: Guillermo Morandini, Vice-prefeito, Juan\nAngel Lopez, Secret\u00e1rio de Governo do Munic\u00edpio, Ingrid Rung, Diretora do\nCentro Oncol\u00f3gico, Dr. Oscar Arbelo, Cirurgi\u00e3o M\u00e9dico que atua no Sanat\u00f3rio\nCuruz\u00fa Cuati\u00e1 e no Centro Oncol\u00f3gico, Dra. Paula Mi\u00f1o, m\u00e9dica que atua no\nCentro Oncol\u00f3gico e as servidoras da prefeitura, Patricia Godino e Leticia\nCorrea.<\/p>\n","protected":false},"excerpt":{"rendered":"<p>Comitiva da Argentina visita a FUMSSAR para conhecer o sistema de sa\u00fade e as experi\u00eancias&#8230;<\/p>\n","protected":false},"author":36,"featured_media":24932,"comment_status":"closed","ping_status":"closed","sticky":false,"template":"","format":"standard","meta":{"footnotes":""},"categories":[2],"tags":[],"_links":{"self":[{"href":"https:\/\/www.fumssar.com.br\/index.php?rest_route=\/wp\/v2\/posts\/24930"}],"collection":[{"href":"https:\/\/www.fumssar.com.br\/index.php?rest_route=\/wp\/v2\/posts"}],"about":[{"href":"https:\/\/www.fumssar.com.br\/index.php?rest_route=\/wp\/v2\/types\/post"}],"author":[{"embeddable":true,"href":"https:\/\/www.fumssar.com.br\/index.php?rest_route=\/wp\/v2\/users\/36"}],"replies":[{"embeddable":true,"href":"https:\/\/www.fumssar.com.br\/index.php?rest_route=%2Fwp%2Fv2%2Fcomments&post=24930"}],"version-history":[{"count":1,"href":"https:\/\/www.fumssar.com.br\/index.php?rest_route=\/wp\/v2\/posts\/24930\/revisions"}],"predecessor-version":[{"id":24933,"href":"https:\/\/www.fumssar.com.br\/index.php?rest_route=\/wp\/v2\/posts\/24930\/revisions\/24933"}],"wp:featuredmedia":[{"embeddable":true,"href":"https:\/\/www.fumssar.com.br\/index.php?rest_route=\/wp\/v2\/media\/24932"}],"wp:attachment":[{"href":"https:\/\/www.fumssar.com.br\/index.php?rest_route=%2Fwp%2Fv2%2Fmedia&parent=24930"}],"wp:term":[{"taxonomy":"category","embeddable":true,"href":"https:\/\/www.fumssar.com.br\/index.php?rest_route=%2Fwp%2Fv2%2Fcategories&post=24930"},{"taxonomy":"post_tag","embeddable":true,"href":"https:\/\/www.fumssar.com.br\/index.php?rest_route=%2Fwp%2Fv2%2Ftags&post=24930"}],"curies":[{"name":"wp","href":"https:\/\/api.w.org\/{rel}","templated":true}]}}