{"id":24895,"date":"2023-08-03T08:52:50","date_gmt":"2023-08-03T11:52:50","guid":{"rendered":"http:\/\/www.fumssar.com.br\/?p=24895"},"modified":"2024-10-07T16:29:53","modified_gmt":"2024-10-07T19:29:53","slug":"delcio-stefan-realiza-reuniao-na-ses-rs-para-tratar-sobre-o-servico-de-cardiologia","status":"publish","type":"post","link":"https:\/\/www.fumssar.com.br\/?p=24895","title":{"rendered":"D\u00e9lcio Stefan realiza reuni\u00e3o na SES\/RS para tratar sobre o servi\u00e7o de Cardiologia"},"content":{"rendered":"\n<figure class=\"wp-block-image\"><img loading=\"lazy\" decoding=\"async\" width=\"860\" height=\"645\" src=\"https:\/\/www.fumssar.com.br\/wp-content\/uploads\/2023\/08\/Formato-Site-e-Portal-860X645-JPG-2023-08-03T085032.873.jpg\" alt=\"\" class=\"wp-image-24896\" srcset=\"https:\/\/www.fumssar.com.br\/wp-content\/uploads\/2023\/08\/Formato-Site-e-Portal-860X645-JPG-2023-08-03T085032.873.jpg 860w, https:\/\/www.fumssar.com.br\/wp-content\/uploads\/2023\/08\/Formato-Site-e-Portal-860X645-JPG-2023-08-03T085032.873-300x225.jpg 300w, https:\/\/www.fumssar.com.br\/wp-content\/uploads\/2023\/08\/Formato-Site-e-Portal-860X645-JPG-2023-08-03T085032.873-768x576.jpg 768w\" sizes=\"(max-width: 860px) 100vw, 860px\" \/><\/figure>\n\n\n\n<p>O\nPresidente da Funda\u00e7\u00e3o Municipal de Sa\u00fade, D\u00e9lcio Stefan, esteve nesta\nquarta-feira (02), na capital, tratando sobre o servi\u00e7o de cardiologia para\nSanta Rosa. D\u00e9lcio participou de uma reuni\u00e3o na Secretaria Estadual de Sa\u00fade \u2013\nSES\/RS. Diversos assuntos foram abordados, entre eles, projetos para amplia\u00e7\u00e3o\nde servi\u00e7os no munic\u00edpio.<\/p>\n\n\n\n<p>Na\noportunidade, o Presidente da FUMSSAR, foi recepcionado pela Diretora do\nDepartamento de Gest\u00e3o da Aten\u00e7\u00e3o Especializada da SES\/RS, Lisiane\nFagundes. \u201cEssa \u00e9 uma a\u00e7\u00e3o do Governo Municipal, que desde o in\u00edcio, tem tido o\nempenho do Prefeito Anderson, na busca de habilitar mais esse servi\u00e7o para o\nmunic\u00edpio. As tratativas est\u00e3o avan\u00e7ando e o nosso objetivo \u00e9 proporcionar para\na popula\u00e7\u00e3o um cuidado integral e um servi\u00e7o p\u00fablico de sa\u00fade cada vez melhor\u201d,\ndestacou D\u00e9lcio.<\/p>\n\n\n\n<p>Durante\no encontro, tamb\u00e9m foi tratado sobre a refer\u00eancia de cintilografia, projetos de\namplia\u00e7\u00e3o de servi\u00e7os e do teto do Hospital Dom Bosco.<\/p>\n","protected":false},"excerpt":{"rendered":"<p>O Presidente da Funda\u00e7\u00e3o Municipal de Sa\u00fade, D\u00e9lcio Stefan, esteve nesta quarta-feira (02), na capital,&#8230;<\/p>\n","protected":false},"author":36,"featured_media":24897,"comment_status":"closed","ping_status":"closed","sticky":false,"template":"","format":"standard","meta":{"footnotes":""},"categories":[2],"tags":[],"_links":{"self":[{"href":"https:\/\/www.fumssar.com.br\/index.php?rest_route=\/wp\/v2\/posts\/24895"}],"collection":[{"href":"https:\/\/www.fumssar.com.br\/index.php?rest_route=\/wp\/v2\/posts"}],"about":[{"href":"https:\/\/www.fumssar.com.br\/index.php?rest_route=\/wp\/v2\/types\/post"}],"author":[{"embeddable":true,"href":"https:\/\/www.fumssar.com.br\/index.php?rest_route=\/wp\/v2\/users\/36"}],"replies":[{"embeddable":true,"href":"https:\/\/www.fumssar.com.br\/index.php?rest_route=%2Fwp%2Fv2%2Fcomments&post=24895"}],"version-history":[{"count":1,"href":"https:\/\/www.fumssar.com.br\/index.php?rest_route=\/wp\/v2\/posts\/24895\/revisions"}],"predecessor-version":[{"id":24898,"href":"https:\/\/www.fumssar.com.br\/index.php?rest_route=\/wp\/v2\/posts\/24895\/revisions\/24898"}],"wp:featuredmedia":[{"embeddable":true,"href":"https:\/\/www.fumssar.com.br\/index.php?rest_route=\/wp\/v2\/media\/24897"}],"wp:attachment":[{"href":"https:\/\/www.fumssar.com.br\/index.php?rest_route=%2Fwp%2Fv2%2Fmedia&parent=24895"}],"wp:term":[{"taxonomy":"category","embeddable":true,"href":"https:\/\/www.fumssar.com.br\/index.php?rest_route=%2Fwp%2Fv2%2Fcategories&post=24895"},{"taxonomy":"post_tag","embeddable":true,"href":"https:\/\/www.fumssar.com.br\/index.php?rest_route=%2Fwp%2Fv2%2Ftags&post=24895"}],"curies":[{"name":"wp","href":"https:\/\/api.w.org\/{rel}","templated":true}]}}