{"id":24862,"date":"2023-07-26T17:27:55","date_gmt":"2023-07-26T20:27:55","guid":{"rendered":"http:\/\/www.fumssar.com.br\/?p=24862"},"modified":"2024-10-07T16:29:53","modified_gmt":"2024-10-07T19:29:53","slug":"edital-n-02-de-26-de-julho-de-2023-homologacao-das-inscricoes-lista-preliminar-de-inscritos-do-processo-seletivo-publico-01-2023","status":"publish","type":"post","link":"https:\/\/www.fumssar.com.br\/?p=24862","title":{"rendered":"EDITAL N\u00b0 02, DE 26 DE JULHO DE 2023 &#8211; Homologa\u00e7\u00e3o das Inscri\u00e7\u00f5es &#8211; Lista Preliminar de Inscritos do Processo Seletivo P\u00fablico 01\/2023"},"content":{"rendered":"\n<div class=\"wp-block-file\"><a href=\"https:\/\/www.fumssar.com.br\/wp-content\/uploads\/2023\/07\/Edital-02-2023-Homologa\u00e7\u00e3o-das-Inscri\u00e7\u00f5es-FUMSSAR-Processo-Seletivo.pdf\">Edital-02-2023-Homologa\u00e7\u00e3o-das-Inscri\u00e7\u00f5es-FUMSSAR-Processo-Seletivo<\/a><a href=\"https:\/\/www.fumssar.com.br\/wp-content\/uploads\/2023\/07\/Edital-02-2023-Homologa\u00e7\u00e3o-das-Inscri\u00e7\u00f5es-FUMSSAR-Processo-Seletivo.pdf\" class=\"wp-block-file__button\" download>Baixar<\/a><\/div>\n","protected":false},"excerpt":{"rendered":"<p>A FUNDA\u00c7\u00c3O MUNICIPAL DE SA\u00daDE DE SANTA ROSA &#8211; FUMSSAR, Pessoa Jur\u00eddica de Direito P\u00fablico Interno, representada pelo seu Presidente, no uso de suas atribui\u00e7\u00f5es legais, em raz\u00e3o do Processo Seletivo P\u00fablico n\u00b0 01\/2023, regido pelo Edital n\u00b0 01\/2023, de 19 de junho de 2023, torna p\u00fablico o presente Edital para divulgar e comunicar o que segue:<br \/>\n1. HOMOLOGA\u00c7\u00c3O DAS INSCRI\u00c7\u00d5ES \u2013 LISTA PRELIMINAR DE INSCRITOS<br \/>\n1.1. A lista preliminar de candidatos com inscri\u00e7\u00e3o DEFERIDA encontra-se no Anexo I deste Edital.<br \/>\n1.2. A lista preliminar de candidatos com inscri\u00e7\u00e3o INDEFERIDA encontra-se no Anexo II deste Edital.<br \/>\n2. VAGAS DESTINADAS \u00c0S PESSOAS COM DEFICI\u00caNCIA<br \/>\n2.1. O resultado preliminar das solicita\u00e7\u00f5es de reserva de vaga destinadas \u00e0s pessoas com defici\u00eancia encontra-se no Anexo III deste Edital.<br \/>\n2.2. O motivo de indeferimento de solicita\u00e7\u00e3o de vagas destinadas \u00e0s pessoas com defici\u00eancia pode ser consultado na \u00c1rea do Candidato do site da Legalle Concursos: https:\/\/candidato.legalleconcursos.com.br\/, na op\u00e7\u00e3o \u201cSolicita\u00e7\u00f5es\u201d.<br \/>\n3. CONDI\u00c7\u00d5ES ESPECIAIS PARA O DIA DE PROVA<br \/>\n3.1. O resultado preliminar das solicita\u00e7\u00f5es de condi\u00e7\u00f5es especiais para o dia de prova encontra-se no Anexo IV deste Edital.<br \/>\n3.2. O motivo de indeferimento de solicita\u00e7\u00e3o de condi\u00e7\u00f5es especiais para o dia de prova pode ser consultado na \u00c1rea do Candidato do site da Legalle Concursos: https:\/\/candidato.legalleconcursos.com.br\/, na op\u00e7\u00e3o \u201cSolicita\u00e7\u00f5es\u201d.<br \/>\n4. RECURSOS<br \/>\n4.1. Os candidatos interessados em interpor recursos referentes \u00e0 homologa\u00e7\u00e3o das inscri\u00e7\u00f5es poder\u00e3o faz\u00ea-lo no per\u00edodo de 27 a 31 de julho de 2023, atrav\u00e9s do Formul\u00e1rio Eletr\u00f4nico de Recursos disponibilizado na \u00c1rea do Candidato, no site da Legalle Concursos: https:\/\/candidato.legalleconcursos.com.br\/.<br \/>\nDELCIO STEFAN,<br \/>\nPresidente do FUMSSAR.<\/p>\n","protected":false},"author":33,"featured_media":0,"comment_status":"open","ping_status":"open","sticky":false,"template":"","format":"standard","meta":{"footnotes":""},"categories":[2,228],"tags":[237,238,236,203],"_links":{"self":[{"href":"https:\/\/www.fumssar.com.br\/index.php?rest_route=\/wp\/v2\/posts\/24862"}],"collection":[{"href":"https:\/\/www.fumssar.com.br\/index.php?rest_route=\/wp\/v2\/posts"}],"about":[{"href":"https:\/\/www.fumssar.com.br\/index.php?rest_route=\/wp\/v2\/types\/post"}],"author":[{"embeddable":true,"href":"https:\/\/www.fumssar.com.br\/index.php?rest_route=\/wp\/v2\/users\/33"}],"replies":[{"embeddable":true,"href":"https:\/\/www.fumssar.com.br\/index.php?rest_route=%2Fwp%2Fv2%2Fcomments&post=24862"}],"version-history":[{"count":1,"href":"https:\/\/www.fumssar.com.br\/index.php?rest_route=\/wp\/v2\/posts\/24862\/revisions"}],"predecessor-version":[{"id":24864,"href":"https:\/\/www.fumssar.com.br\/index.php?rest_route=\/wp\/v2\/posts\/24862\/revisions\/24864"}],"wp:attachment":[{"href":"https:\/\/www.fumssar.com.br\/index.php?rest_route=%2Fwp%2Fv2%2Fmedia&parent=24862"}],"wp:term":[{"taxonomy":"category","embeddable":true,"href":"https:\/\/www.fumssar.com.br\/index.php?rest_route=%2Fwp%2Fv2%2Fcategories&post=24862"},{"taxonomy":"post_tag","embeddable":true,"href":"https:\/\/www.fumssar.com.br\/index.php?rest_route=%2Fwp%2Fv2%2Ftags&post=24862"}],"curies":[{"name":"wp","href":"https:\/\/api.w.org\/{rel}","templated":true}]}}