{"id":24857,"date":"2023-07-26T14:39:45","date_gmt":"2023-07-26T17:39:45","guid":{"rendered":"http:\/\/www.fumssar.com.br\/?p=24857"},"modified":"2024-10-07T16:29:54","modified_gmt":"2024-10-07T19:29:54","slug":"programa-melhor-em-casa-conta-com-servico-de-fonoaudiologia","status":"publish","type":"post","link":"https:\/\/www.fumssar.com.br\/?p=24857","title":{"rendered":"Programa Melhor em Casa conta com servi\u00e7o de fonoaudiologia"},"content":{"rendered":"\n<figure class=\"wp-block-image\"><img loading=\"lazy\" decoding=\"async\" width=\"860\" height=\"645\" src=\"https:\/\/www.fumssar.com.br\/wp-content\/uploads\/2023\/07\/Formato-Site-e-Portal-860X645-JPG-2023-07-26T112752.384.jpg\" alt=\"\" class=\"wp-image-24858\" srcset=\"https:\/\/www.fumssar.com.br\/wp-content\/uploads\/2023\/07\/Formato-Site-e-Portal-860X645-JPG-2023-07-26T112752.384.jpg 860w, https:\/\/www.fumssar.com.br\/wp-content\/uploads\/2023\/07\/Formato-Site-e-Portal-860X645-JPG-2023-07-26T112752.384-300x225.jpg 300w, https:\/\/www.fumssar.com.br\/wp-content\/uploads\/2023\/07\/Formato-Site-e-Portal-860X645-JPG-2023-07-26T112752.384-768x576.jpg 768w\" sizes=\"(max-width: 860px) 100vw, 860px\" \/><\/figure>\n\n\n\n<p>A\nFunda\u00e7\u00e3o Municipal de Sa\u00fade de Santa Rosa conta com o\nservi\u00e7o de atendimento domiciliar atrav\u00e9s do Programa Melhor em Casa. Os\nusu\u00e1rios que possuem problemas de sa\u00fade e dificuldade de locomo\u00e7\u00e3o t\u00eam \u00e0\ndisposi\u00e7\u00e3o esse tratamento diferenciado. No \u00faltimo m\u00eas, os pacientes que recebem\no acompanhamento, puderam contar com o aux\u00edlio de um novo profissional na\nequipe: o fonoaudi\u00f3logo. O objetivo \u00e9 possibilitar o atendimento em casa,\nevitando o risco de infec\u00e7\u00f5es e interna\u00e7\u00f5es desnecess\u00e1rias.<\/p>\n\n\n\n<p>O\nservi\u00e7o de fonoaudiologia atua no processo de reabilita\u00e7\u00e3o, principalmente nos\ndist\u00farbios de degluti\u00e7\u00e3o (disfagia) e altera\u00e7\u00f5es de fala e linguagem. O\nfonoaudi\u00f3logo faz a avalia\u00e7\u00e3o e o processo de reabilita\u00e7\u00e3o com a miss\u00e3o de\nproporcionar seguran\u00e7a alimentar e qualidade de vida ao paciente. &nbsp;A Fonoaudi\u00f3loga da FUMSSAR, Bianca Dresch,\ndestaca que as terapias auxiliam no resgate de habilidades que foram afetadas, \u201c\u00c9\num trabalho muito importante, pois tanto a alimenta\u00e7\u00e3o quanto a comunica\u00e7\u00e3o s\u00e3o\nfatores fundamentais para o bem-estar f\u00edsico e emocional dos pacientes. Quando o\ntratamento n\u00e3o \u00e9 realizado, temos como consequ\u00eancia, al\u00e9m de riscos para a\nsa\u00fade, o isolamento social, priva\u00e7\u00e3o de conviv\u00eancia familiar, entre outros\u201d. <\/p>\n\n\n\n<p>Atualmente,\nem Santa Rosa, s\u00e3o realizadas mais de 400 visitas domiciliares e cerca de 2.100\nprocedimentos por m\u00eas. O Presidente da Funda\u00e7\u00e3o de Sa\u00fade, D\u00e9lcio Stefan,\nressalta que al\u00e9m de possibilitar o atendimento na resid\u00eancia, o programa\nMelhor em Casa tamb\u00e9m permite que a equipe de sa\u00fade conhe\u00e7a melhor a realidade\ndo paciente, o que auxilia na melhoria da qualidade de vida de toda a fam\u00edlia,\n\u201cO Programa Melhor em Casa \u00e9 essencial, pois leva a sa\u00fade para quem n\u00e3o consegue\nir at\u00e9 os locais de atendimento e evita complica\u00e7\u00f5es e riscos para os pacientes\u201d.\nO programa conta com uma equipe multiprofissional composta por: m\u00e9dico, enfermeira,\nt\u00e9cnicos de enfermagem, fonoaudi\u00f3loga, fisioterapeuta e nutricionista.<\/p>\n","protected":false},"excerpt":{"rendered":"<p>A Funda\u00e7\u00e3o Municipal de Sa\u00fade de Santa Rosa conta com o servi\u00e7o de atendimento domiciliar&#8230;<\/p>\n","protected":false},"author":36,"featured_media":24859,"comment_status":"closed","ping_status":"closed","sticky":false,"template":"","format":"standard","meta":{"footnotes":""},"categories":[2],"tags":[],"_links":{"self":[{"href":"https:\/\/www.fumssar.com.br\/index.php?rest_route=\/wp\/v2\/posts\/24857"}],"collection":[{"href":"https:\/\/www.fumssar.com.br\/index.php?rest_route=\/wp\/v2\/posts"}],"about":[{"href":"https:\/\/www.fumssar.com.br\/index.php?rest_route=\/wp\/v2\/types\/post"}],"author":[{"embeddable":true,"href":"https:\/\/www.fumssar.com.br\/index.php?rest_route=\/wp\/v2\/users\/36"}],"replies":[{"embeddable":true,"href":"https:\/\/www.fumssar.com.br\/index.php?rest_route=%2Fwp%2Fv2%2Fcomments&post=24857"}],"version-history":[{"count":1,"href":"https:\/\/www.fumssar.com.br\/index.php?rest_route=\/wp\/v2\/posts\/24857\/revisions"}],"predecessor-version":[{"id":24860,"href":"https:\/\/www.fumssar.com.br\/index.php?rest_route=\/wp\/v2\/posts\/24857\/revisions\/24860"}],"wp:featuredmedia":[{"embeddable":true,"href":"https:\/\/www.fumssar.com.br\/index.php?rest_route=\/wp\/v2\/media\/24859"}],"wp:attachment":[{"href":"https:\/\/www.fumssar.com.br\/index.php?rest_route=%2Fwp%2Fv2%2Fmedia&parent=24857"}],"wp:term":[{"taxonomy":"category","embeddable":true,"href":"https:\/\/www.fumssar.com.br\/index.php?rest_route=%2Fwp%2Fv2%2Fcategories&post=24857"},{"taxonomy":"post_tag","embeddable":true,"href":"https:\/\/www.fumssar.com.br\/index.php?rest_route=%2Fwp%2Fv2%2Ftags&post=24857"}],"curies":[{"name":"wp","href":"https:\/\/api.w.org\/{rel}","templated":true}]}}