{"id":24853,"date":"2023-07-25T16:45:17","date_gmt":"2023-07-25T19:45:17","guid":{"rendered":"http:\/\/www.fumssar.com.br\/?p=24853"},"modified":"2024-10-07T16:29:54","modified_gmt":"2024-10-07T19:29:54","slug":"fumssar-realiza-reuniao-tecnica-para-tratar-sobre-o-servico-de-cardiologia","status":"publish","type":"post","link":"https:\/\/www.fumssar.com.br\/?p=24853","title":{"rendered":"FUMSSAR realiza reuni\u00e3o t\u00e9cnica para tratar sobre o servi\u00e7o de cardiologia"},"content":{"rendered":"\n<figure class=\"wp-block-image\"><img loading=\"lazy\" decoding=\"async\" width=\"860\" height=\"645\" src=\"https:\/\/www.fumssar.com.br\/wp-content\/uploads\/2023\/07\/Formato-Site-e-Portal-860X645-JPG-2023-07-25T164135.814.jpg\" alt=\"\" class=\"wp-image-24854\" srcset=\"https:\/\/www.fumssar.com.br\/wp-content\/uploads\/2023\/07\/Formato-Site-e-Portal-860X645-JPG-2023-07-25T164135.814.jpg 860w, https:\/\/www.fumssar.com.br\/wp-content\/uploads\/2023\/07\/Formato-Site-e-Portal-860X645-JPG-2023-07-25T164135.814-300x225.jpg 300w, https:\/\/www.fumssar.com.br\/wp-content\/uploads\/2023\/07\/Formato-Site-e-Portal-860X645-JPG-2023-07-25T164135.814-768x576.jpg 768w\" sizes=\"(max-width: 860px) 100vw, 860px\" \/><\/figure>\n\n\n\n<p>O\nPresidente da Funda\u00e7\u00e3o Municipal de Sa\u00fade de Santa Rosa, D\u00e9lcio Stefan,\nconvidou representantes da 14\u00aa Coordenadoria Regional de Sa\u00fade \u2013 CRS e do\nHospital Vida &amp; Sa\u00fade, para uma reuni\u00e3o t\u00e9cnica na tarde desta ter\u00e7a-feira\n(25). Dando sequ\u00eancia \u00e0s tratativas realizadas na \u00faltima semana, pelo Prefeito\nAnderson Mantei em Porto Alegre, foi tratado sobre a habilita\u00e7\u00e3o do Servi\u00e7o de\nAlta Complexidade em Hemodin\u00e2mica e Cirurgia Card\u00edaca em Santa Rosa.<\/p>\n\n\n\n<p>Na\noportunidade, as tr\u00eas institui\u00e7\u00f5es debateram sobre o encaminhamento do projeto\npara implementar o servi\u00e7o especializado no munic\u00edpio. A proposta ser\u00e1 enviada para\na aprova\u00e7\u00e3o do Governo do Rio Grande do Sul e posteriormente, para o Minist\u00e9rio\nda Sa\u00fade. O Presidente da FUMSSAR, D\u00e9lcio Stefan, destacou a import\u00e2ncia da\na\u00e7\u00e3o, \u201cEsta \u00e9 a \u00faltima grande refer\u00eancia que precisamos para Santa Rosa atender\nmelhor os cidad\u00e3os do munic\u00edpio e da regi\u00e3o. \u00c9 mais um passo que damos rumo a\numa sa\u00fade p\u00fablica de excel\u00eancia e o munic\u00edpio est\u00e1 disposto a fazer o que for\nnecess\u00e1rio para implementar este servi\u00e7o aqui\u201d.<\/p>\n\n\n\n<p>Participam\ndo encontro, representando a 14\u00aa Coordenadoria Regional de Sa\u00fade &#8211; CRS, Daiane\nda Rocha Ferreira e Karina Kucharski; do Hospital Vida &amp; Sa\u00fade, Rodrigo\nCalixto &#8211; Diretor de Infraestrutura e Raul Heimerdinger &#8211; Diretor\nAdministrativo e da Funda\u00e7\u00e3o de Sa\u00fade, Sidinir Tizotti &#8211; Gerente de Refer\u00eancia\ne Contrarrefer\u00eancia e Cristiano Haas &#8211; Gerente de Regula\u00e7\u00e3o, Controle e\nAvalia\u00e7\u00e3o.<\/p>\n","protected":false},"excerpt":{"rendered":"<p>O Presidente da Funda\u00e7\u00e3o Municipal de Sa\u00fade de Santa Rosa, D\u00e9lcio Stefan, convidou representantes da&#8230;<\/p>\n","protected":false},"author":36,"featured_media":24855,"comment_status":"closed","ping_status":"closed","sticky":false,"template":"","format":"standard","meta":{"footnotes":""},"categories":[2],"tags":[],"_links":{"self":[{"href":"https:\/\/www.fumssar.com.br\/index.php?rest_route=\/wp\/v2\/posts\/24853"}],"collection":[{"href":"https:\/\/www.fumssar.com.br\/index.php?rest_route=\/wp\/v2\/posts"}],"about":[{"href":"https:\/\/www.fumssar.com.br\/index.php?rest_route=\/wp\/v2\/types\/post"}],"author":[{"embeddable":true,"href":"https:\/\/www.fumssar.com.br\/index.php?rest_route=\/wp\/v2\/users\/36"}],"replies":[{"embeddable":true,"href":"https:\/\/www.fumssar.com.br\/index.php?rest_route=%2Fwp%2Fv2%2Fcomments&post=24853"}],"version-history":[{"count":1,"href":"https:\/\/www.fumssar.com.br\/index.php?rest_route=\/wp\/v2\/posts\/24853\/revisions"}],"predecessor-version":[{"id":24856,"href":"https:\/\/www.fumssar.com.br\/index.php?rest_route=\/wp\/v2\/posts\/24853\/revisions\/24856"}],"wp:featuredmedia":[{"embeddable":true,"href":"https:\/\/www.fumssar.com.br\/index.php?rest_route=\/wp\/v2\/media\/24855"}],"wp:attachment":[{"href":"https:\/\/www.fumssar.com.br\/index.php?rest_route=%2Fwp%2Fv2%2Fmedia&parent=24853"}],"wp:term":[{"taxonomy":"category","embeddable":true,"href":"https:\/\/www.fumssar.com.br\/index.php?rest_route=%2Fwp%2Fv2%2Fcategories&post=24853"},{"taxonomy":"post_tag","embeddable":true,"href":"https:\/\/www.fumssar.com.br\/index.php?rest_route=%2Fwp%2Fv2%2Ftags&post=24853"}],"curies":[{"name":"wp","href":"https:\/\/api.w.org\/{rel}","templated":true}]}}