{"id":24821,"date":"2023-07-19T14:34:52","date_gmt":"2023-07-19T17:34:52","guid":{"rendered":"http:\/\/www.fumssar.com.br\/?p=24821"},"modified":"2024-10-07T16:29:54","modified_gmt":"2024-10-07T19:29:54","slug":"santa-rosa-e-destaque-com-projeto-no-imunizasus-2023","status":"publish","type":"post","link":"https:\/\/www.fumssar.com.br\/?p=24821","title":{"rendered":"Santa Rosa \u00e9 destaque com projeto no ImunizaSUS 2023"},"content":{"rendered":"\n<figure class=\"wp-block-image\"><img loading=\"lazy\" decoding=\"async\" width=\"860\" height=\"645\" src=\"https:\/\/www.fumssar.com.br\/wp-content\/uploads\/2023\/07\/Formato-Site-e-Portal-860X645-JPG-2023-07-19T105348.330.jpg\" alt=\"\" class=\"wp-image-24822\" srcset=\"https:\/\/www.fumssar.com.br\/wp-content\/uploads\/2023\/07\/Formato-Site-e-Portal-860X645-JPG-2023-07-19T105348.330.jpg 860w, https:\/\/www.fumssar.com.br\/wp-content\/uploads\/2023\/07\/Formato-Site-e-Portal-860X645-JPG-2023-07-19T105348.330-300x225.jpg 300w, https:\/\/www.fumssar.com.br\/wp-content\/uploads\/2023\/07\/Formato-Site-e-Portal-860X645-JPG-2023-07-19T105348.330-768x576.jpg 768w\" sizes=\"(max-width: 860px) 100vw, 860px\" \/><\/figure>\n\n\n\n<p>A\nestrat\u00e9gia adotada pela FUMSSAR para a imuniza\u00e7\u00e3o contra a COVID-19, dos grupos\npriorit\u00e1rios em 2021, foi um dos projetos selecionados para participar da\nOficina Nacional do Projeto ImunizaSUS. Santa Rosa faz parte das experi\u00eancias\nexitosas em sa\u00fade p\u00fablica do pa\u00eds. A enfermeira da Vigil\u00e2ncia Epidemiol\u00f3gica da\nFunda\u00e7\u00e3o de Sa\u00fade, Michele Silva Lachno, autora do projeto, representando a 14\u00aa\nCoordenadoria Regional de Sa\u00fade e o munic\u00edpio, apresentou no 37\u00ba Conasems, o\ncase: \u201cVacina\u00e7\u00e3o COVID: a certeza para dias melhores\u201d.<\/p>\n\n\n\n<p>Em\n2021, foi criado pelo Minist\u00e9rio da Sa\u00fade, o Plano de Operacionaliza\u00e7\u00e3o que\norientava estados e munic\u00edpios sobre as popula\u00e7\u00f5es que deveriam receber as primeiras\ndoses da vacina COVID de forma priorizada. No in\u00edcio, optou-se pela imuniza\u00e7\u00e3o\nde determinados grupos para garantir o funcionamento dos servi\u00e7os de sa\u00fade, a\nprote\u00e7\u00e3o dos cidad\u00e3os com maior risco de contrair a COVID, al\u00e9m da preserva\u00e7\u00e3o\ndo funcionamento dos servi\u00e7os essenciais. O primeiro ponto da listagem j\u00e1 contemplava\nas pessoas com 60 anos ou mais, seguidos os demais grupos. Todo o processo de\nvacina\u00e7\u00e3o COVID-19 iniciado em janeiro de 2021, concentrou-se no munic\u00edpio de\nSanta Rosa em dois objetivos principais: desperd\u00edcio zero de doses e alcan\u00e7ar\nde maneira r\u00e1pida o p\u00fablico-alvo em cada momento da vacina\u00e7\u00e3o. \u201cFoi uma alegria\npoder representar Santa Rosa, neste que \u00e9 o maior evento de sa\u00fade p\u00fablica da\nAm\u00e9rica do Sul. Precisamos cada vez mais trabalhar no intuito da informa\u00e7\u00e3o\ncorreta e oportuna para desmistificar as fakes news relacionadas \u00e0 vacina\u00e7\u00e3o\ncontra o coronav\u00edrus, pois gra\u00e7as a imunidade conferida pela vacina, conseguimos\nmelhorar a qualidade de vida de todos&#8221;, destacou Michele.<\/p>\n\n\n\n<p>\u00c9 importante destacar que durante a vacina\u00e7\u00e3o contra a COVID-19, Santa Rosa e a FUMSSAR receberam o pr\u00eamio do Estado do RS (Te Vacina RS), da cidade que mais vacinou, na categoria dos munic\u00edpios de 50 mil at\u00e9 100 mil habitantes. Na oportunidade, a Funda\u00e7\u00e3o de Sa\u00fade recebeu R$ 100 mil reais para utilizar na \u00e1rea da Aten\u00e7\u00e3o Prim\u00e1ria \u00e0 Sa\u00fade e qualificar os servi\u00e7os. A cerim\u00f4nia de premia\u00e7\u00e3o da Oficina Nacional do Projeto ImunizaSUS, acontece na manh\u00e3 desta quarta-feira (19), \u00faltimo dia do 37\u00ba Congresso do Conselho Nacional de Secretarias Municipais de Sa\u00fade \u2013 Conasems.<\/p>\n\n\n\n<ul class=\"wp-block-gallery columns-2 is-cropped wp-block-gallery-1 is-layout-flex wp-block-gallery-is-layout-flex\"><li class=\"blocks-gallery-item\"><figure><img loading=\"lazy\" decoding=\"async\" width=\"860\" height=\"645\" src=\"https:\/\/www.fumssar.com.br\/wp-content\/uploads\/2023\/07\/projeto-imuniza-03.png\" alt=\"\" data-id=\"24823\" data-link=\"https:\/\/www.fumssar.com.br\/?attachment_id=24823\" class=\"wp-image-24823\" srcset=\"https:\/\/www.fumssar.com.br\/wp-content\/uploads\/2023\/07\/projeto-imuniza-03.png 860w, https:\/\/www.fumssar.com.br\/wp-content\/uploads\/2023\/07\/projeto-imuniza-03-300x225.png 300w, https:\/\/www.fumssar.com.br\/wp-content\/uploads\/2023\/07\/projeto-imuniza-03-768x576.png 768w\" sizes=\"(max-width: 860px) 100vw, 860px\" \/><\/figure><\/li><li class=\"blocks-gallery-item\"><figure><img loading=\"lazy\" decoding=\"async\" width=\"860\" height=\"645\" src=\"https:\/\/www.fumssar.com.br\/wp-content\/uploads\/2023\/07\/projeto-imuniza-02.png\" alt=\"\" data-id=\"24824\" data-link=\"https:\/\/www.fumssar.com.br\/?attachment_id=24824\" class=\"wp-image-24824\" srcset=\"https:\/\/www.fumssar.com.br\/wp-content\/uploads\/2023\/07\/projeto-imuniza-02.png 860w, https:\/\/www.fumssar.com.br\/wp-content\/uploads\/2023\/07\/projeto-imuniza-02-300x225.png 300w, https:\/\/www.fumssar.com.br\/wp-content\/uploads\/2023\/07\/projeto-imuniza-02-768x576.png 768w\" sizes=\"(max-width: 860px) 100vw, 860px\" \/><\/figure><\/li><\/ul>\n","protected":false},"excerpt":{"rendered":"<p>A estrat\u00e9gia adotada pela FUMSSAR para a imuniza\u00e7\u00e3o contra a COVID-19, dos grupos priorit\u00e1rios em&#8230;<\/p>\n","protected":false},"author":36,"featured_media":24825,"comment_status":"closed","ping_status":"closed","sticky":false,"template":"","format":"standard","meta":{"footnotes":""},"categories":[152,2],"tags":[],"_links":{"self":[{"href":"https:\/\/www.fumssar.com.br\/index.php?rest_route=\/wp\/v2\/posts\/24821"}],"collection":[{"href":"https:\/\/www.fumssar.com.br\/index.php?rest_route=\/wp\/v2\/posts"}],"about":[{"href":"https:\/\/www.fumssar.com.br\/index.php?rest_route=\/wp\/v2\/types\/post"}],"author":[{"embeddable":true,"href":"https:\/\/www.fumssar.com.br\/index.php?rest_route=\/wp\/v2\/users\/36"}],"replies":[{"embeddable":true,"href":"https:\/\/www.fumssar.com.br\/index.php?rest_route=%2Fwp%2Fv2%2Fcomments&post=24821"}],"version-history":[{"count":1,"href":"https:\/\/www.fumssar.com.br\/index.php?rest_route=\/wp\/v2\/posts\/24821\/revisions"}],"predecessor-version":[{"id":24826,"href":"https:\/\/www.fumssar.com.br\/index.php?rest_route=\/wp\/v2\/posts\/24821\/revisions\/24826"}],"wp:featuredmedia":[{"embeddable":true,"href":"https:\/\/www.fumssar.com.br\/index.php?rest_route=\/wp\/v2\/media\/24825"}],"wp:attachment":[{"href":"https:\/\/www.fumssar.com.br\/index.php?rest_route=%2Fwp%2Fv2%2Fmedia&parent=24821"}],"wp:term":[{"taxonomy":"category","embeddable":true,"href":"https:\/\/www.fumssar.com.br\/index.php?rest_route=%2Fwp%2Fv2%2Fcategories&post=24821"},{"taxonomy":"post_tag","embeddable":true,"href":"https:\/\/www.fumssar.com.br\/index.php?rest_route=%2Fwp%2Fv2%2Ftags&post=24821"}],"curies":[{"name":"wp","href":"https:\/\/api.w.org\/{rel}","templated":true}]}}