{"id":24817,"date":"2023-07-19T12:17:27","date_gmt":"2023-07-19T15:17:27","guid":{"rendered":"http:\/\/www.fumssar.com.br\/?p=24817"},"modified":"2024-10-07T16:29:54","modified_gmt":"2024-10-07T19:29:54","slug":"edital-de-convocacao-n-o-24-2023","status":"publish","type":"post","link":"https:\/\/www.fumssar.com.br\/?p=24817","title":{"rendered":"EDITAL DE CONVOCA\u00c7\u00c3O N.\u00ba 24\/2023"},"content":{"rendered":"\n<div class=\"wp-block-file\"><a href=\"https:\/\/www.fumssar.com.br\/wp-content\/uploads\/2023\/07\/Edital-de-Convoca\u00e7\u00e3o-24.2023.pdf\">Edital-de-Convoca\u00e7\u00e3o-24.2023<\/a><a href=\"https:\/\/www.fumssar.com.br\/wp-content\/uploads\/2023\/07\/Edital-de-Convoca\u00e7\u00e3o-24.2023.pdf\" class=\"wp-block-file__button\" download>Baixar<\/a><\/div>\n","protected":false},"excerpt":{"rendered":"<p>O PRESIDENTE DA FUNDA\u00c7\u00c3O MUNICIPAL DE SA\u00daDE DE SANTA ROSA, Estado do Rio Grande do Sul, no uso de suas atribui\u00e7\u00f5es legais, comunica que dever\u00e1 comparecer na Se\u00e7\u00e3o de Pessoal desta Funda\u00e7\u00e3o Municipal de Sa\u00fade para assumir vaga do concurso p\u00fablico para provimento de cargo, em atendimento aos processos administrativos n\u00ba 43262\/2023, 48371\/2023, 46102\/2023 e 43248\/2023, conforme segue abaixo. Informa ainda que se o(a) candidato(a) n\u00e3o se apresentar no prazo m\u00e1ximo de 15 (quinze) dias ap\u00f3s esta publica\u00e7\u00e3o, nos termos da Lei Complementar n.\u00ba 37\/2007, ser\u00e1 considerado(a) tacitamente desistente.<br \/>\nCONCURSO P\u00daBLICO N.\u00ba 01\/2023<br \/>\nT\u00c9CNICO DE ENFERMAGEM:<br \/>\nBRUNA LET\u00cdCIA SOARES (12\u00aa coloca\u00e7\u00e3o)<br \/>\nLUANA DA SILVA DE OLIVEIRA (13\u00aa coloca\u00e7\u00e3o)<br \/>\nMARLEI HELENA MINKS (14\u00aa coloca\u00e7\u00e3o)<br \/>\nAUXILIAR DE SA\u00daDE BUCAL:<br \/>\nMARIANE KUCYK (02\u00aa coloca\u00e7\u00e3o)<br \/>\nGABINETE DO PRESIDENTE DA FUNDA\u00c7\u00c3O MUNICIPAL DE SA\u00daDE DE SANTA ROSA, EM 19 DE JULHO DE 2023.<br \/>\nD\u00c9LCIO STEFAN<br \/>\nPresidente da Fumssar<\/p>\n","protected":false},"author":33,"featured_media":0,"comment_status":"open","ping_status":"open","sticky":false,"template":"","format":"standard","meta":{"footnotes":""},"categories":[2,227,229],"tags":[232,130,208,233,164],"_links":{"self":[{"href":"https:\/\/www.fumssar.com.br\/index.php?rest_route=\/wp\/v2\/posts\/24817"}],"collection":[{"href":"https:\/\/www.fumssar.com.br\/index.php?rest_route=\/wp\/v2\/posts"}],"about":[{"href":"https:\/\/www.fumssar.com.br\/index.php?rest_route=\/wp\/v2\/types\/post"}],"author":[{"embeddable":true,"href":"https:\/\/www.fumssar.com.br\/index.php?rest_route=\/wp\/v2\/users\/33"}],"replies":[{"embeddable":true,"href":"https:\/\/www.fumssar.com.br\/index.php?rest_route=%2Fwp%2Fv2%2Fcomments&post=24817"}],"version-history":[{"count":1,"href":"https:\/\/www.fumssar.com.br\/index.php?rest_route=\/wp\/v2\/posts\/24817\/revisions"}],"predecessor-version":[{"id":24819,"href":"https:\/\/www.fumssar.com.br\/index.php?rest_route=\/wp\/v2\/posts\/24817\/revisions\/24819"}],"wp:attachment":[{"href":"https:\/\/www.fumssar.com.br\/index.php?rest_route=%2Fwp%2Fv2%2Fmedia&parent=24817"}],"wp:term":[{"taxonomy":"category","embeddable":true,"href":"https:\/\/www.fumssar.com.br\/index.php?rest_route=%2Fwp%2Fv2%2Fcategories&post=24817"},{"taxonomy":"post_tag","embeddable":true,"href":"https:\/\/www.fumssar.com.br\/index.php?rest_route=%2Fwp%2Fv2%2Ftags&post=24817"}],"curies":[{"name":"wp","href":"https:\/\/api.w.org\/{rel}","templated":true}]}}