{"id":2480,"date":"2014-09-18T18:36:09","date_gmt":"2014-09-18T18:36:09","guid":{"rendered":"http:\/\/www.fumssar.com.br\/?p=2480"},"modified":"2024-10-07T16:36:16","modified_gmt":"2024-10-07T19:36:16","slug":"unidade-de-saude-da-gloria-comemorou-aniversario","status":"publish","type":"post","link":"https:\/\/www.fumssar.com.br\/?p=2480","title":{"rendered":"Unidade de Sa\u00fade da Gl\u00f3ria Comemorou Anivers\u00e1rio"},"content":{"rendered":"<p><b>\u00a0<\/b><\/p>\n<p>Na manh\u00e3 desta quarta-feira, 18, a unidade de sa\u00fade do Bairro Gl\u00f3ria realizou um encontro festivo em comemora\u00e7\u00e3o aos 14 anos de atendimento \u00e0 popula\u00e7\u00e3o. A festividade contou com a presen\u00e7a de moradores do bairro, a equipe de trabalho e lideran\u00e7as locais e tamb\u00e9m foi prestigiada pelo Presidente da Funda\u00e7\u00e3o Municipal de Sa\u00fade, Dr. Luiz Ant\u00f4nio Benvegn\u00fa. Gilnei da Silveira coordenador da unidade destacou que o ent\u00e3o Posto de Sa\u00fade foi inaugurado em 18 de setembro de 2000 e desde ent\u00e3o vem prestando um servi\u00e7o de sa\u00fade com muita dedica\u00e7\u00e3o. Ele disse ainda que a equipe que trabalha na unidade dedica-se de forma muito profissional, e tem respaldo da popula\u00e7\u00e3o. Para o presidente da FUMSSAR o trabalho realizado nas unidades \u00e9 muito importante, e que o principal eixo \u00e9 a sa\u00fade preventiva que tem aumentado muito a qualidade de vida daquela comunidade, bem como na sa\u00fade da popula\u00e7\u00e3o em geral. Benvegn\u00fa destacou que a unidade em breve passar\u00e1 por uma reforma, mas que est\u00e1 se projetando a constru\u00e7\u00e3o de uma edifica\u00e7\u00e3o nova dando melhores condi\u00e7\u00f5es de trabalho para a equipe e consequentemente um atendimento ainda mais qualificado. O presidente lembrou ainda que a comunidade estar\u00e1 recebendo em breve uma academia de sa\u00fade, pois as obras j\u00e1 est\u00e3o sendo finalizadas.<a href=\"http:\/\/www.fumssar.com.br\/wp-content\/uploads\/2014\/09\/anivers\u00e1rio-gloria-2.jpg\"><img loading=\"lazy\" decoding=\"async\" class=\"alignnone size-medium wp-image-2483\" alt=\"anivers\u00e1rio gloria 2\" src=\"http:\/\/www.fumssar.com.br\/wp-content\/uploads\/2014\/09\/anivers\u00e1rio-gloria-2-300x225.jpg\" width=\"300\" height=\"225\" srcset=\"https:\/\/www.fumssar.com.br\/wp-content\/uploads\/2014\/09\/anivers\u00e1rio-gloria-2-300x225.jpg 300w, https:\/\/www.fumssar.com.br\/wp-content\/uploads\/2014\/09\/anivers\u00e1rio-gloria-2.jpg 640w\" sizes=\"(max-width: 300px) 100vw, 300px\" \/><\/a><a href=\"http:\/\/www.fumssar.com.br\/wp-content\/uploads\/2014\/09\/anivers\u00e1rio-gl\u00f3ria.jpg\"><img loading=\"lazy\" decoding=\"async\" class=\"alignnone size-medium wp-image-2484\" alt=\"anivers\u00e1rio gl\u00f3ria\" src=\"http:\/\/www.fumssar.com.br\/wp-content\/uploads\/2014\/09\/anivers\u00e1rio-gl\u00f3ria-300x225.jpg\" width=\"300\" height=\"225\" srcset=\"https:\/\/www.fumssar.com.br\/wp-content\/uploads\/2014\/09\/anivers\u00e1rio-gl\u00f3ria-300x225.jpg 300w, https:\/\/www.fumssar.com.br\/wp-content\/uploads\/2014\/09\/anivers\u00e1rio-gl\u00f3ria.jpg 640w\" sizes=\"(max-width: 300px) 100vw, 300px\" \/><\/a><\/p>\n","protected":false},"excerpt":{"rendered":"<p>\u00a0 Na manh\u00e3 desta quarta-feira, 18, a unidade de sa\u00fade do Bairro Gl\u00f3ria realizou um&#8230;<\/p>\n","protected":false},"author":11,"featured_media":2481,"comment_status":"open","ping_status":"open","sticky":false,"template":"","format":"standard","meta":{"footnotes":""},"categories":[2],"tags":[],"_links":{"self":[{"href":"https:\/\/www.fumssar.com.br\/index.php?rest_route=\/wp\/v2\/posts\/2480"}],"collection":[{"href":"https:\/\/www.fumssar.com.br\/index.php?rest_route=\/wp\/v2\/posts"}],"about":[{"href":"https:\/\/www.fumssar.com.br\/index.php?rest_route=\/wp\/v2\/types\/post"}],"author":[{"embeddable":true,"href":"https:\/\/www.fumssar.com.br\/index.php?rest_route=\/wp\/v2\/users\/11"}],"replies":[{"embeddable":true,"href":"https:\/\/www.fumssar.com.br\/index.php?rest_route=%2Fwp%2Fv2%2Fcomments&post=2480"}],"version-history":[{"count":1,"href":"https:\/\/www.fumssar.com.br\/index.php?rest_route=\/wp\/v2\/posts\/2480\/revisions"}],"predecessor-version":[{"id":2485,"href":"https:\/\/www.fumssar.com.br\/index.php?rest_route=\/wp\/v2\/posts\/2480\/revisions\/2485"}],"wp:featuredmedia":[{"embeddable":true,"href":"https:\/\/www.fumssar.com.br\/index.php?rest_route=\/wp\/v2\/media\/2481"}],"wp:attachment":[{"href":"https:\/\/www.fumssar.com.br\/index.php?rest_route=%2Fwp%2Fv2%2Fmedia&parent=2480"}],"wp:term":[{"taxonomy":"category","embeddable":true,"href":"https:\/\/www.fumssar.com.br\/index.php?rest_route=%2Fwp%2Fv2%2Fcategories&post=2480"},{"taxonomy":"post_tag","embeddable":true,"href":"https:\/\/www.fumssar.com.br\/index.php?rest_route=%2Fwp%2Fv2%2Ftags&post=2480"}],"curies":[{"name":"wp","href":"https:\/\/api.w.org\/{rel}","templated":true}]}}