{"id":24782,"date":"2023-07-17T17:17:55","date_gmt":"2023-07-17T20:17:55","guid":{"rendered":"http:\/\/www.fumssar.com.br\/?p=24782"},"modified":"2024-10-07T16:29:54","modified_gmt":"2024-10-07T19:29:54","slug":"santa-rosa-e-referencia-em-saude-publica-no-brasil","status":"publish","type":"post","link":"https:\/\/www.fumssar.com.br\/?p=24782","title":{"rendered":"Santa Rosa \u00e9 refer\u00eancia em sa\u00fade p\u00fablica no Brasil"},"content":{"rendered":"\n<figure class=\"wp-block-image\"><img loading=\"lazy\" decoding=\"async\" width=\"860\" height=\"645\" src=\"http:\/\/www.fumssar.com.br\/wp-content\/uploads\/2023\/07\/Formato-Site-e-Portal-860X645-JPG-2023-07-17T164606.736.jpg\" alt=\"\" class=\"wp-image-24783\" srcset=\"https:\/\/www.fumssar.com.br\/wp-content\/uploads\/2023\/07\/Formato-Site-e-Portal-860X645-JPG-2023-07-17T164606.736.jpg 860w, https:\/\/www.fumssar.com.br\/wp-content\/uploads\/2023\/07\/Formato-Site-e-Portal-860X645-JPG-2023-07-17T164606.736-300x225.jpg 300w, https:\/\/www.fumssar.com.br\/wp-content\/uploads\/2023\/07\/Formato-Site-e-Portal-860X645-JPG-2023-07-17T164606.736-768x576.jpg 768w\" sizes=\"(max-width: 860px) 100vw, 860px\" \/><\/figure>\n\n\n\n<p>Santa\nRosa \u00e9 mais uma vez destaque e refer\u00eancia em sa\u00fade no pa\u00eds. Uma equipe de\nservidores da Funda\u00e7\u00e3o Municipal de Sa\u00fade de Santa Rosa est\u00e1 representando o munic\u00edpio\nno 37\u00ba Congresso do Conselho Nacional de Secretarias Municipais de Sa\u00fade \u2013\nConasems. A a\u00e7\u00e3o est\u00e1 acontecendo em Goi\u00e2nia\/GO, no per\u00edodo de 16 a 19 de julho.\nDurante a programa\u00e7\u00e3o, a FUMSSAR vai apresentar tr\u00eas trabalhos selecionados como\ncase no congresso. O evento conta com diversas a\u00e7\u00f5es sobre sa\u00fade p\u00fablica, entre\nelas, pain\u00e9is t\u00e9cnicos que v\u00e3o abordar diversos aspectos da integralidade no\nSUS e de pr\u00e1ticas inovadoras aplicadas por todo o Brasil.<\/p>\n\n\n\n<p>O\ntema desta edi\u00e7\u00e3o \u00e9 \u201cO SUS que falta no Brasil \u201c. O Presidente da FUMSSAR, D\u00e9lcio\nStefan est\u00e1 desde o domingo (16), participando das atividades e destacou que esta\n\u00e9 uma excelente oportunidade para mostrar para o pa\u00eds, o trabalho que vem sendo\ndesenvolvido em Santa Rosa, \u201cEstamos muito contentes em estar aqui para\nrepresentar Santa Rosa. Este \u00e9 o maior evento de sa\u00fade p\u00fablica da Am\u00e9rica do\nSul e uma oportunidade \u00fanica para promover uma troca de experi\u00eancias com outras\ncidades e adquirir conhecimentos que possam beneficiar a popula\u00e7\u00e3o, al\u00e9m de\ncontribuir compartilhando experi\u00eancias bem-sucedidas que s\u00e3o desenvolvidas no\nnosso munic\u00edpio\u201d.<\/p>\n\n\n\n<p>Dos projetos selecionados de Santa Rosa, dois s\u00e3o para a 18\u00aa Mostra Brasil \u2013 aqui tem SUS e um para a Oficina Nacional do Projeto Imuniza SUS. \u201cEstamos em um momento importante do governo, onde podemos ver os frutos do trabalho executado com tanto cuidado e dedica\u00e7\u00e3o por todos. Ficamos muito contentes em saber que nossas experi\u00eancias v\u00e3o ser apresentadas em um evento nacional, que busca valorizar a pot\u00eancia do Sistema \u00danico de Sa\u00fade, bem como, dos trabalhadores do SUS\u201d, ressaltou o Presidente da Funda\u00e7\u00e3o de Sa\u00fade. D\u00e9lcio tamb\u00e9m participou de um jantar com o Governador de Goi\u00e1s, Ronaldo Caiado, no Pal\u00e1cio das Esmeraldas. O encontro reuniu convidados, integrantes da diretoria do Conasems e representantes dos estados. <\/p>\n\n\n\n<ul class=\"wp-block-gallery columns-3 is-cropped wp-block-gallery-1 is-layout-flex wp-block-gallery-is-layout-flex\"><li class=\"blocks-gallery-item\"><figure><img loading=\"lazy\" decoding=\"async\" width=\"860\" height=\"645\" src=\"http:\/\/www.fumssar.com.br\/wp-content\/uploads\/2023\/07\/Formato-Site-e-Portal-860X645-JPG-30.png\" alt=\"\" data-id=\"24784\" data-link=\"http:\/\/www.fumssar.com.br\/?attachment_id=24784\" class=\"wp-image-24784\" srcset=\"https:\/\/www.fumssar.com.br\/wp-content\/uploads\/2023\/07\/Formato-Site-e-Portal-860X645-JPG-30.png 860w, https:\/\/www.fumssar.com.br\/wp-content\/uploads\/2023\/07\/Formato-Site-e-Portal-860X645-JPG-30-300x225.png 300w, https:\/\/www.fumssar.com.br\/wp-content\/uploads\/2023\/07\/Formato-Site-e-Portal-860X645-JPG-30-768x576.png 768w\" sizes=\"(max-width: 860px) 100vw, 860px\" \/><\/figure><\/li><li class=\"blocks-gallery-item\"><figure><img loading=\"lazy\" decoding=\"async\" width=\"860\" height=\"645\" src=\"http:\/\/www.fumssar.com.br\/wp-content\/uploads\/2023\/07\/Formato-Site-e-Portal-860X645-JPG-29.png\" alt=\"\" data-id=\"24785\" data-link=\"http:\/\/www.fumssar.com.br\/?attachment_id=24785\" class=\"wp-image-24785\" srcset=\"https:\/\/www.fumssar.com.br\/wp-content\/uploads\/2023\/07\/Formato-Site-e-Portal-860X645-JPG-29.png 860w, https:\/\/www.fumssar.com.br\/wp-content\/uploads\/2023\/07\/Formato-Site-e-Portal-860X645-JPG-29-300x225.png 300w, https:\/\/www.fumssar.com.br\/wp-content\/uploads\/2023\/07\/Formato-Site-e-Portal-860X645-JPG-29-768x576.png 768w\" sizes=\"(max-width: 860px) 100vw, 860px\" \/><\/figure><\/li><li class=\"blocks-gallery-item\"><figure><img loading=\"lazy\" decoding=\"async\" width=\"860\" height=\"645\" src=\"http:\/\/www.fumssar.com.br\/wp-content\/uploads\/2023\/07\/Formato-Site-e-Portal-860X645-JPG-28.png\" alt=\"\" data-id=\"24786\" data-link=\"http:\/\/www.fumssar.com.br\/?attachment_id=24786\" class=\"wp-image-24786\" srcset=\"https:\/\/www.fumssar.com.br\/wp-content\/uploads\/2023\/07\/Formato-Site-e-Portal-860X645-JPG-28.png 860w, https:\/\/www.fumssar.com.br\/wp-content\/uploads\/2023\/07\/Formato-Site-e-Portal-860X645-JPG-28-300x225.png 300w, https:\/\/www.fumssar.com.br\/wp-content\/uploads\/2023\/07\/Formato-Site-e-Portal-860X645-JPG-28-768x576.png 768w\" sizes=\"(max-width: 860px) 100vw, 860px\" \/><\/figure><\/li><\/ul>\n","protected":false},"excerpt":{"rendered":"<p>Santa Rosa \u00e9 mais uma vez destaque e refer\u00eancia em sa\u00fade no pa\u00eds. Uma equipe&#8230;<\/p>\n","protected":false},"author":36,"featured_media":24787,"comment_status":"closed","ping_status":"closed","sticky":false,"template":"","format":"standard","meta":{"footnotes":""},"categories":[2],"tags":[],"_links":{"self":[{"href":"https:\/\/www.fumssar.com.br\/index.php?rest_route=\/wp\/v2\/posts\/24782"}],"collection":[{"href":"https:\/\/www.fumssar.com.br\/index.php?rest_route=\/wp\/v2\/posts"}],"about":[{"href":"https:\/\/www.fumssar.com.br\/index.php?rest_route=\/wp\/v2\/types\/post"}],"author":[{"embeddable":true,"href":"https:\/\/www.fumssar.com.br\/index.php?rest_route=\/wp\/v2\/users\/36"}],"replies":[{"embeddable":true,"href":"https:\/\/www.fumssar.com.br\/index.php?rest_route=%2Fwp%2Fv2%2Fcomments&post=24782"}],"version-history":[{"count":1,"href":"https:\/\/www.fumssar.com.br\/index.php?rest_route=\/wp\/v2\/posts\/24782\/revisions"}],"predecessor-version":[{"id":24788,"href":"https:\/\/www.fumssar.com.br\/index.php?rest_route=\/wp\/v2\/posts\/24782\/revisions\/24788"}],"wp:featuredmedia":[{"embeddable":true,"href":"https:\/\/www.fumssar.com.br\/index.php?rest_route=\/wp\/v2\/media\/24787"}],"wp:attachment":[{"href":"https:\/\/www.fumssar.com.br\/index.php?rest_route=%2Fwp%2Fv2%2Fmedia&parent=24782"}],"wp:term":[{"taxonomy":"category","embeddable":true,"href":"https:\/\/www.fumssar.com.br\/index.php?rest_route=%2Fwp%2Fv2%2Fcategories&post=24782"},{"taxonomy":"post_tag","embeddable":true,"href":"https:\/\/www.fumssar.com.br\/index.php?rest_route=%2Fwp%2Fv2%2Ftags&post=24782"}],"curies":[{"name":"wp","href":"https:\/\/api.w.org\/{rel}","templated":true}]}}