{"id":2477,"date":"2014-09-17T20:30:08","date_gmt":"2014-09-17T20:30:08","guid":{"rendered":"http:\/\/www.fumssar.com.br\/?p=2477"},"modified":"2024-10-07T16:36:16","modified_gmt":"2024-10-07T19:36:16","slug":"fumssar-investe-em-livros-tecnicos","status":"publish","type":"post","link":"https:\/\/www.fumssar.com.br\/?p=2477","title":{"rendered":"FUMSSAR Investe em Livros T\u00e9cnicos"},"content":{"rendered":"<p>A Funda\u00e7\u00e3o Municipal de Sa\u00fade-FUMSSAR, recebeu esta semana uma quantidade expressiva de livros das mais diversas \u00e1reas de sa\u00fade. As obras s\u00e3o atualizadas e estar\u00e3o dispon\u00edveis para consulta aos diversos profissionais da rede b\u00e1sica de sa\u00fade. A FUMSSAR mant\u00e9m no N\u00facleo de Ensino e pesquisa um acervo para consulta, que \u00e9 utilizado pelos residentes do Programa de Resid\u00eancia Multiprofissional em Sa\u00fade da Fam\u00edlia, que \u00e9\u00a0 tem como\u00a0 objetivo formar profissionais das \u00e1reas de Enfermagem, Odontologia, Psicologia, Farm\u00e1cia, Nutri\u00e7\u00e3o, Servi\u00e7o Social e Educa\u00e7\u00e3o F\u00edsica para desenvolverem suas atividades\u00a0 profissionais na aten\u00e7\u00e3o b\u00e1sica\/sa\u00fade da fam\u00edlia\u00a0 orientados\u00a0 pelos princ\u00edpios e diretrizes do SUS e a partir das necessidades e realidades\u00a0 regionais. Segundo o presidente da FUMSSAR,Dr. Lu\u00eds Ant\u00f4nio Benvegn\u00fa\u00a0 o material adquirido trata de temas atualizados baseados em pesquisas recentes e ir\u00e3o ser muito \u00fatil em toda a rede b\u00e1sica de sa\u00fade. \u201cEstamos disponibilizando ao nosso quadro de profissionais, livros que ir\u00e3o\u00a0 qualificar ainda mais\u00a0 as equipes, desta forma estar\u00e3o aprimorando ainda mais o atendimento aos nossos usu\u00e1rios\u201d. Ressaltou o\u00a0 presidente. Os\u00a0 livros foram adquiridos com recursos do Governo do Estado.<\/p>\n","protected":false},"excerpt":{"rendered":"<p>A Funda\u00e7\u00e3o Municipal de Sa\u00fade-FUMSSAR, recebeu esta semana uma quantidade expressiva de livros das mais&#8230;<\/p>\n","protected":false},"author":11,"featured_media":2478,"comment_status":"open","ping_status":"open","sticky":false,"template":"","format":"standard","meta":{"footnotes":""},"categories":[2],"tags":[],"_links":{"self":[{"href":"https:\/\/www.fumssar.com.br\/index.php?rest_route=\/wp\/v2\/posts\/2477"}],"collection":[{"href":"https:\/\/www.fumssar.com.br\/index.php?rest_route=\/wp\/v2\/posts"}],"about":[{"href":"https:\/\/www.fumssar.com.br\/index.php?rest_route=\/wp\/v2\/types\/post"}],"author":[{"embeddable":true,"href":"https:\/\/www.fumssar.com.br\/index.php?rest_route=\/wp\/v2\/users\/11"}],"replies":[{"embeddable":true,"href":"https:\/\/www.fumssar.com.br\/index.php?rest_route=%2Fwp%2Fv2%2Fcomments&post=2477"}],"version-history":[{"count":3,"href":"https:\/\/www.fumssar.com.br\/index.php?rest_route=\/wp\/v2\/posts\/2477\/revisions"}],"predecessor-version":[{"id":2545,"href":"https:\/\/www.fumssar.com.br\/index.php?rest_route=\/wp\/v2\/posts\/2477\/revisions\/2545"}],"wp:featuredmedia":[{"embeddable":true,"href":"https:\/\/www.fumssar.com.br\/index.php?rest_route=\/wp\/v2\/media\/2478"}],"wp:attachment":[{"href":"https:\/\/www.fumssar.com.br\/index.php?rest_route=%2Fwp%2Fv2%2Fmedia&parent=2477"}],"wp:term":[{"taxonomy":"category","embeddable":true,"href":"https:\/\/www.fumssar.com.br\/index.php?rest_route=%2Fwp%2Fv2%2Fcategories&post=2477"},{"taxonomy":"post_tag","embeddable":true,"href":"https:\/\/www.fumssar.com.br\/index.php?rest_route=%2Fwp%2Fv2%2Ftags&post=2477"}],"curies":[{"name":"wp","href":"https:\/\/api.w.org\/{rel}","templated":true}]}}