{"id":24678,"date":"2023-07-14T15:13:47","date_gmt":"2023-07-14T18:13:47","guid":{"rendered":"http:\/\/www.fumssar.com.br\/?p=24678"},"modified":"2024-10-07T16:29:54","modified_gmt":"2024-10-07T19:29:54","slug":"governo-municipal-realiza-o-lancamento-da-integracao-digital-de-registro-de-empresas","status":"publish","type":"post","link":"https:\/\/www.fumssar.com.br\/?p=24678","title":{"rendered":"Governo Municipal realiza o Lan\u00e7amento da Integra\u00e7\u00e3o Digital de Registro de Empresas"},"content":{"rendered":"\n<figure class=\"wp-block-image\"><img loading=\"lazy\" decoding=\"async\" width=\"860\" height=\"645\" src=\"https:\/\/www.fumssar.com.br\/wp-content\/uploads\/2023\/07\/Formato-Site-e-Portal-860X645-JPG-2023-07-14T135445.487.jpg\" alt=\"\" class=\"wp-image-24679\" srcset=\"https:\/\/www.fumssar.com.br\/wp-content\/uploads\/2023\/07\/Formato-Site-e-Portal-860X645-JPG-2023-07-14T135445.487.jpg 860w, https:\/\/www.fumssar.com.br\/wp-content\/uploads\/2023\/07\/Formato-Site-e-Portal-860X645-JPG-2023-07-14T135445.487-300x225.jpg 300w, https:\/\/www.fumssar.com.br\/wp-content\/uploads\/2023\/07\/Formato-Site-e-Portal-860X645-JPG-2023-07-14T135445.487-768x576.jpg 768w\" sizes=\"(max-width: 860px) 100vw, 860px\" \/><\/figure>\n\n\n\n<p>O\nGoverno Municipal realizou na manh\u00e3 desta sexta-feira (14), o Lan\u00e7amento da\nIntegra\u00e7\u00e3o Digital de Registro de Empresas em Santa Rosa. A a\u00e7\u00e3o foi promovida\npela Secretaria de Desenvolvimento Econ\u00f4mico, Turismo e Tecnologia, em parceria\ncom a FUMSSAR e com a equipe da Junta Comercial. O objetivo da inova\u00e7\u00e3o \u00e9\nfacilitar o ambiente de neg\u00f3cios, desburocratizar e agilizar os processos de\nlicenciamento de empresas. Com isso, Santa Rosa passa a ser o primeiro\nmunic\u00edpio do Estado do Rio Grande do Sul, a possuir este formato de comunica\u00e7\u00e3o\nvia sistema. <\/p>\n\n\n\n<p>Atrav\u00e9s\nda integra\u00e7\u00e3o de sistemas, o munic\u00edpio passa a ter autonomia para realizar a\nabertura dos processos de licenciamento de empresas, seja na \u00e1rea tribut\u00e1ria,\nsanit\u00e1ria ou ambiental. Para as atividades de baixo risco, fica dispensado a\nemiss\u00e3o de alvar\u00e1, o que permite o in\u00edcio das atividades do novo neg\u00f3cio,\nimediatamente ap\u00f3s a formaliza\u00e7\u00e3o no \u00f3rg\u00e3o de registro. O Prefeito Anderson\nMantei, ressaltou que este \u00e9 um momento hist\u00f3rico, pois permite agilizar e\ndesburocratizar as atividades de registro das empresas no munic\u00edpio, \u201cN\u00f3s\nestamos do lado do empreendedor, do lado de quem quer empreender e crescer com\nSanta Rosa. Trabalhamos pela Lei da Liberdade Econ\u00f4mica e vamos defender sempre\no empreendedor e facilitar seu trabalho para que possamos avan\u00e7ar cada vez mais\nno desenvolvimento da nossa cidade\u201d.<\/p>\n\n\n\n<p>Na\noportunidade, tamb\u00e9m foi realizada a assinatura de Renova\u00e7\u00e3o do Conv\u00eanio de\nAdes\u00e3o \u00e0 Rede Nacional para a Simplifica\u00e7\u00e3o do Registro e da Legaliza\u00e7\u00e3o de\nEmpresas e Neg\u00f3cios \u2013 Redesim. O Coordenador da Redesim do RS e representante\nda Junta Comercial, Silvio Ram\u00e3o, destacou que o munic\u00edpio tem sido refer\u00eancia\nno Estado, \u201cSanta Rosa \u00e9 exemplo para as demais cidades ga\u00fachas, pois est\u00e1\nsendo pioneira nesses avan\u00e7os e em trazer facilidades para o licenciamento de\nempresas, em apenas um s\u00f3 lugar\u201d.<\/p>\n\n\n\n<p>Esta\n\u00e9 mais uma a\u00e7\u00e3o de melhoria que a prefeitura realiza em favor do ambiente de\nneg\u00f3cios. O Coordenador Regional do Sebrae, Armando Pettinelli, refor\u00e7ou a\nimport\u00e2ncia da a\u00e7\u00e3o, \u201cEste \u00e9 um grande passo que Santa Rosa est\u00e1 dando frente a\ntodo o Estado e \u00e9 uma cidade refer\u00eancia no trabalho em prol do empreendedor\u201d. Al\u00e9m\nda integra\u00e7\u00e3o do sistema estadual, o munic\u00edpio tamb\u00e9m realizou a integra\u00e7\u00e3o dos\nsistemas dos diversos \u00f3rg\u00e3os de licenciamento municipal, integrando a Secretaria\nde Desenvolvimento Econ\u00f4mico, a FUMSSAR, a Secretaria de Fazenda e a Secretaria\nde Meio Ambiente. Participaram do evento, autoridades, servidores e empresas da\n\u00e1rea cont\u00e1bil do munic\u00edpio. Logo ap\u00f3s o ato oficial, o Coordenador da Redesim\ndo RS e representante da Junta Comercial, realizou uma palestra sobre o\nfuncionamento da Redesim e as mudan\u00e7as no registro de empresas.<\/p>\n","protected":false},"excerpt":{"rendered":"<p>O Governo Municipal realizou na manh\u00e3 desta sexta-feira (14), o Lan\u00e7amento da Integra\u00e7\u00e3o Digital de&#8230;<\/p>\n","protected":false},"author":36,"featured_media":24680,"comment_status":"closed","ping_status":"closed","sticky":false,"template":"","format":"standard","meta":{"footnotes":""},"categories":[2],"tags":[],"_links":{"self":[{"href":"https:\/\/www.fumssar.com.br\/index.php?rest_route=\/wp\/v2\/posts\/24678"}],"collection":[{"href":"https:\/\/www.fumssar.com.br\/index.php?rest_route=\/wp\/v2\/posts"}],"about":[{"href":"https:\/\/www.fumssar.com.br\/index.php?rest_route=\/wp\/v2\/types\/post"}],"author":[{"embeddable":true,"href":"https:\/\/www.fumssar.com.br\/index.php?rest_route=\/wp\/v2\/users\/36"}],"replies":[{"embeddable":true,"href":"https:\/\/www.fumssar.com.br\/index.php?rest_route=%2Fwp%2Fv2%2Fcomments&post=24678"}],"version-history":[{"count":1,"href":"https:\/\/www.fumssar.com.br\/index.php?rest_route=\/wp\/v2\/posts\/24678\/revisions"}],"predecessor-version":[{"id":24681,"href":"https:\/\/www.fumssar.com.br\/index.php?rest_route=\/wp\/v2\/posts\/24678\/revisions\/24681"}],"wp:featuredmedia":[{"embeddable":true,"href":"https:\/\/www.fumssar.com.br\/index.php?rest_route=\/wp\/v2\/media\/24680"}],"wp:attachment":[{"href":"https:\/\/www.fumssar.com.br\/index.php?rest_route=%2Fwp%2Fv2%2Fmedia&parent=24678"}],"wp:term":[{"taxonomy":"category","embeddable":true,"href":"https:\/\/www.fumssar.com.br\/index.php?rest_route=%2Fwp%2Fv2%2Fcategories&post=24678"},{"taxonomy":"post_tag","embeddable":true,"href":"https:\/\/www.fumssar.com.br\/index.php?rest_route=%2Fwp%2Fv2%2Ftags&post=24678"}],"curies":[{"name":"wp","href":"https:\/\/api.w.org\/{rel}","templated":true}]}}