{"id":24674,"date":"2023-07-13T16:20:16","date_gmt":"2023-07-13T19:20:16","guid":{"rendered":"http:\/\/www.fumssar.com.br\/?p=24674"},"modified":"2024-10-07T16:29:54","modified_gmt":"2024-10-07T19:29:54","slug":"lancamento-da-integracao-digital-de-registro-de-empresas-vai-acontecer-nesta-sexta-feira","status":"publish","type":"post","link":"https:\/\/www.fumssar.com.br\/?p=24674","title":{"rendered":"Lan\u00e7amento da Integra\u00e7\u00e3o Digital de Registro de Empresas vai acontecer nesta sexta-feira"},"content":{"rendered":"\n<figure class=\"wp-block-image\"><img loading=\"lazy\" decoding=\"async\" width=\"860\" height=\"645\" src=\"https:\/\/www.fumssar.com.br\/wp-content\/uploads\/2023\/07\/Formato-Site-e-Portal-860X645-JPG-2023-07-13T161150.772.jpg\" alt=\"\" class=\"wp-image-24675\" srcset=\"https:\/\/www.fumssar.com.br\/wp-content\/uploads\/2023\/07\/Formato-Site-e-Portal-860X645-JPG-2023-07-13T161150.772.jpg 860w, https:\/\/www.fumssar.com.br\/wp-content\/uploads\/2023\/07\/Formato-Site-e-Portal-860X645-JPG-2023-07-13T161150.772-300x225.jpg 300w, https:\/\/www.fumssar.com.br\/wp-content\/uploads\/2023\/07\/Formato-Site-e-Portal-860X645-JPG-2023-07-13T161150.772-768x576.jpg 768w\" sizes=\"(max-width: 860px) 100vw, 860px\" \/><\/figure>\n\n\n\n<p>A\nPrefeitura vai realizar na sexta-feira (14), o &#8220;Lan\u00e7amento da Integra\u00e7\u00e3o\nDigital de Registro de Empresas&#8221;. A a\u00e7\u00e3o vai acontecer no audit\u00f3rio do\nPal\u00e1cio Municipal, atrav\u00e9s da Secretaria de Desenvolvimento Econ\u00f4mico, Turismo\ne Tecnologia, em parceria com a FUMSSAR e com a equipe da Junta Comercial. O objetivo\n\u00e9 facilitar o ambiente de neg\u00f3cios, desburocratizar e agilizar os processos de\nlicenciamento de empresas.<\/p>\n\n\n\n<p>Esta\nintegra\u00e7\u00e3o vai possibilitar que o munic\u00edpio possa automatizar v\u00e1rias etapas que\nanteriormente, necessitavam da presen\u00e7a do empreendedor na prefeitura. A\nintegra\u00e7\u00e3o digital, realiza uma comunica\u00e7\u00e3o sist\u00eamica entre o munic\u00edpio e a\nJunta Comercial, com informa\u00e7\u00f5es dos registros, altera\u00e7\u00f5es e baixa de empresas,\ntornando o processo mais \u00e1gil e eficaz. O Secret\u00e1rio de Desenvolvimento\nEcon\u00f4mico, Odaylson Eder, destaca a import\u00e2ncia da a\u00e7\u00e3o, \u201cEste \u00e9 um grande passo\nque damos para trazer facilidades ao empreendedor santa-rosense e para agilizar\nas etapas da abertura de novos neg\u00f3cios. Santa Rosa segue inovando, se\ndesenvolvendo e esta \u00e9 mais uma a\u00e7\u00e3o que faz parte do nosso processo de desburocratiza\u00e7\u00e3o\ndos servi\u00e7os do munic\u00edpio\u201d.<\/p>\n\n\n\n<p>O\nGoverno Municipal vem realizando diversos avan\u00e7os em favor do ambiente de\nneg\u00f3cios. Desde 2015, a prefeitura est\u00e1 integrada \u00e0 Rede Nacional para a\nSimplifica\u00e7\u00e3o do Registro e da Legaliza\u00e7\u00e3o de Empresas e Neg\u00f3cios &#8211; Redesim, o\nque possibilitou v\u00e1rios avan\u00e7os na simplifica\u00e7\u00e3o dos processos. A partir de\nagora, ser\u00e1 realizada a pr\u00f3xima etapa, com a implementa\u00e7\u00e3o da integra\u00e7\u00e3o\ndigital. Com isso, Santa Rosa vai ser o primeiro munic\u00edpio do interior do\nEstado do Rio Grande do Sul, a possuir este formato de comunica\u00e7\u00e3o via sistema.<\/p>\n","protected":false},"excerpt":{"rendered":"<p>A Prefeitura vai realizar na sexta-feira (14), o &#8220;Lan\u00e7amento da Integra\u00e7\u00e3o Digital de Registro de&#8230;<\/p>\n","protected":false},"author":36,"featured_media":24676,"comment_status":"closed","ping_status":"closed","sticky":false,"template":"","format":"standard","meta":{"footnotes":""},"categories":[2],"tags":[],"_links":{"self":[{"href":"https:\/\/www.fumssar.com.br\/index.php?rest_route=\/wp\/v2\/posts\/24674"}],"collection":[{"href":"https:\/\/www.fumssar.com.br\/index.php?rest_route=\/wp\/v2\/posts"}],"about":[{"href":"https:\/\/www.fumssar.com.br\/index.php?rest_route=\/wp\/v2\/types\/post"}],"author":[{"embeddable":true,"href":"https:\/\/www.fumssar.com.br\/index.php?rest_route=\/wp\/v2\/users\/36"}],"replies":[{"embeddable":true,"href":"https:\/\/www.fumssar.com.br\/index.php?rest_route=%2Fwp%2Fv2%2Fcomments&post=24674"}],"version-history":[{"count":1,"href":"https:\/\/www.fumssar.com.br\/index.php?rest_route=\/wp\/v2\/posts\/24674\/revisions"}],"predecessor-version":[{"id":24677,"href":"https:\/\/www.fumssar.com.br\/index.php?rest_route=\/wp\/v2\/posts\/24674\/revisions\/24677"}],"wp:featuredmedia":[{"embeddable":true,"href":"https:\/\/www.fumssar.com.br\/index.php?rest_route=\/wp\/v2\/media\/24676"}],"wp:attachment":[{"href":"https:\/\/www.fumssar.com.br\/index.php?rest_route=%2Fwp%2Fv2%2Fmedia&parent=24674"}],"wp:term":[{"taxonomy":"category","embeddable":true,"href":"https:\/\/www.fumssar.com.br\/index.php?rest_route=%2Fwp%2Fv2%2Fcategories&post=24674"},{"taxonomy":"post_tag","embeddable":true,"href":"https:\/\/www.fumssar.com.br\/index.php?rest_route=%2Fwp%2Fv2%2Ftags&post=24674"}],"curies":[{"name":"wp","href":"https:\/\/api.w.org\/{rel}","templated":true}]}}