{"id":24667,"date":"2023-07-10T15:20:05","date_gmt":"2023-07-10T18:20:05","guid":{"rendered":"http:\/\/www.fumssar.com.br\/?p=24667"},"modified":"2024-10-07T16:29:54","modified_gmt":"2024-10-07T19:29:54","slug":"fumssar-realiza-obras-de-acessibilidade-no-centro-de-especialidades","status":"publish","type":"post","link":"https:\/\/www.fumssar.com.br\/?p=24667","title":{"rendered":"FUMSSAR realiza obras de acessibilidade no Centro de Especialidades"},"content":{"rendered":"\n<figure class=\"wp-block-image\"><img loading=\"lazy\" decoding=\"async\" width=\"860\" height=\"645\" src=\"https:\/\/www.fumssar.com.br\/wp-content\/uploads\/2023\/07\/Formato-Site-e-Portal-860X645-JPG-2023-07-07T162703.973.jpg\" alt=\"\" class=\"wp-image-24668\" srcset=\"https:\/\/www.fumssar.com.br\/wp-content\/uploads\/2023\/07\/Formato-Site-e-Portal-860X645-JPG-2023-07-07T162703.973.jpg 860w, https:\/\/www.fumssar.com.br\/wp-content\/uploads\/2023\/07\/Formato-Site-e-Portal-860X645-JPG-2023-07-07T162703.973-300x225.jpg 300w, https:\/\/www.fumssar.com.br\/wp-content\/uploads\/2023\/07\/Formato-Site-e-Portal-860X645-JPG-2023-07-07T162703.973-768x576.jpg 768w\" sizes=\"(max-width: 860px) 100vw, 860px\" \/><\/figure>\n\n\n\n<p>O\nPresidente da Funda\u00e7\u00e3o Municipal de Sa\u00fade de Santa Rosa, D\u00e9lcio Stefan,\nautorizou o in\u00edcio das obras de acessibilidade do Centro de Especialidades. Na\n\u00faltima semana, o Diretor do Departamento de Gest\u00e3o Administrativa, Rog\u00e9rio dos\nSantos, acompanhado do Diretor do Departamento de Gest\u00e3o Estrat\u00e9gica e Participativa,\nFernando Borella, estiveram reunidos com o engenheiro respons\u00e1vel, Mateus\nMonegat de Gaspari, da Secretaria de Planejamento da Prefeitura de Santa Rosa,\npara tratar sobre as melhorias. &nbsp;<\/p>\n\n\n\n<p>O\nprojeto contempla a execu\u00e7\u00e3o de rotas internas de acessibilidade ao p\u00fablico,\nguarda corpo, pintura do piso t\u00e1til interno e sanit\u00e1rios com barras de apoio e equipamentos\nadequados, conforme a legisla\u00e7\u00e3o. \u201cS\u00e3o obras que v\u00e3o melhorar a infraestrutura\ndo nosso Centro de Especialidades, proporcionando que todos os cidad\u00e3os possam\nter acesso de qualidade aos servi\u00e7os de sa\u00fade e um atendimento cada vez\nmelhor\u201d, destacou Rog\u00e9rio Santos.<\/p>\n\n\n\n<p>A\nobra est\u00e1 em andamento e deve ser conclu\u00edda at\u00e9 o m\u00eas de agosto. O servi\u00e7o vai\nser realizado durante os finais de semana, para n\u00e3o prejudicar o atendimento da\npopula\u00e7\u00e3o. Ao todo, v\u00e3o ser investidos, R$ 31.994,56 de recursos pr\u00f3prios da\nFunda\u00e7\u00e3o de Sa\u00fade. O Centro de Especialidades, fica situado junto ao pr\u00e9dio administrativo\nda FUMSSAR. A empresa respons\u00e1vel pela execu\u00e7\u00e3o da obra \u00e9 a Casaclima Servi\u00e7os\nEl\u00e9tricos e Constru\u00e7\u00f5es.<\/p>\n","protected":false},"excerpt":{"rendered":"<p>O Presidente da Funda\u00e7\u00e3o Municipal de Sa\u00fade de Santa Rosa, D\u00e9lcio Stefan, autorizou o in\u00edcio&#8230;<\/p>\n","protected":false},"author":36,"featured_media":24669,"comment_status":"closed","ping_status":"closed","sticky":false,"template":"","format":"standard","meta":{"footnotes":""},"categories":[2],"tags":[],"_links":{"self":[{"href":"https:\/\/www.fumssar.com.br\/index.php?rest_route=\/wp\/v2\/posts\/24667"}],"collection":[{"href":"https:\/\/www.fumssar.com.br\/index.php?rest_route=\/wp\/v2\/posts"}],"about":[{"href":"https:\/\/www.fumssar.com.br\/index.php?rest_route=\/wp\/v2\/types\/post"}],"author":[{"embeddable":true,"href":"https:\/\/www.fumssar.com.br\/index.php?rest_route=\/wp\/v2\/users\/36"}],"replies":[{"embeddable":true,"href":"https:\/\/www.fumssar.com.br\/index.php?rest_route=%2Fwp%2Fv2%2Fcomments&post=24667"}],"version-history":[{"count":1,"href":"https:\/\/www.fumssar.com.br\/index.php?rest_route=\/wp\/v2\/posts\/24667\/revisions"}],"predecessor-version":[{"id":24670,"href":"https:\/\/www.fumssar.com.br\/index.php?rest_route=\/wp\/v2\/posts\/24667\/revisions\/24670"}],"wp:featuredmedia":[{"embeddable":true,"href":"https:\/\/www.fumssar.com.br\/index.php?rest_route=\/wp\/v2\/media\/24669"}],"wp:attachment":[{"href":"https:\/\/www.fumssar.com.br\/index.php?rest_route=%2Fwp%2Fv2%2Fmedia&parent=24667"}],"wp:term":[{"taxonomy":"category","embeddable":true,"href":"https:\/\/www.fumssar.com.br\/index.php?rest_route=%2Fwp%2Fv2%2Fcategories&post=24667"},{"taxonomy":"post_tag","embeddable":true,"href":"https:\/\/www.fumssar.com.br\/index.php?rest_route=%2Fwp%2Fv2%2Ftags&post=24667"}],"curies":[{"name":"wp","href":"https:\/\/api.w.org\/{rel}","templated":true}]}}