{"id":24656,"date":"2023-07-07T11:10:24","date_gmt":"2023-07-07T14:10:24","guid":{"rendered":"http:\/\/www.fumssar.com.br\/?p=24656"},"modified":"2024-10-07T16:29:54","modified_gmt":"2024-10-07T19:29:54","slug":"avanco-no-tratamento-do-autismo","status":"publish","type":"post","link":"https:\/\/www.fumssar.com.br\/?p=24656","title":{"rendered":"Avan\u00e7o no tratamento do Autismo"},"content":{"rendered":"\n<figure class=\"wp-block-image\"><img loading=\"lazy\" decoding=\"async\" width=\"860\" height=\"645\" src=\"https:\/\/www.fumssar.com.br\/wp-content\/uploads\/2023\/07\/Formato-Site-e-Portal-860X645-JPG-2023-07-07T110329.509.jpg\" alt=\"\" class=\"wp-image-24657\" srcset=\"https:\/\/www.fumssar.com.br\/wp-content\/uploads\/2023\/07\/Formato-Site-e-Portal-860X645-JPG-2023-07-07T110329.509.jpg 860w, https:\/\/www.fumssar.com.br\/wp-content\/uploads\/2023\/07\/Formato-Site-e-Portal-860X645-JPG-2023-07-07T110329.509-300x225.jpg 300w, https:\/\/www.fumssar.com.br\/wp-content\/uploads\/2023\/07\/Formato-Site-e-Portal-860X645-JPG-2023-07-07T110329.509-768x576.jpg 768w\" sizes=\"(max-width: 860px) 100vw, 860px\" \/><\/figure>\n\n\n\n<p>Mais um servi\u00e7o que oferece\ntratamento do Autismo em Santa Rosa. Promover avan\u00e7os e ampliar o atendimento\npara os autistas foi uma promessa de campanha do Governo Mantei\/Taquari e que\ntem sido cumprida pela gest\u00e3o. Nesta segunda-feira (03), foi anunciado pela\nSecretaria Estadual de Sa\u00fade \u2013 SES\/RS, o resultado final das primeiras 20\ncidades ga\u00fachas que v\u00e3o receber Centros de Atendimento em Sa\u00fade (CAS) do\nPrograma TEAcolhe. Entre as propostas contempladas, est\u00e1 a da APAE de Santa\nRosa. Com este novo servi\u00e7o, o munic\u00edpio passa a contar com tr\u00eas centros de\natendimento \u00e0s pessoas com Transtorno do Espectro Autista \u2013 TEA. O centro vai\noferecer avalia\u00e7\u00e3o e acompanhamento atrav\u00e9s de uma equipe multidisciplinar.\nMais acesso \u00e0 sa\u00fade, agilidade no diagn\u00f3stico e tratamento diferenciado.<\/p>\n\n\n\n<p>O CAS\/TEAcolhe vai ser um servi\u00e7o\nregional especializado, com acesso regulado via Sistema de Gerenciamento de\nConsultas (Gercon), para atendimento e avalia\u00e7\u00e3o de casos de autismo em todo o\nciclo de vida. O acesso ao atendimento deve se dar por meio das Unidades\nB\u00e1sicas de Sa\u00fade do munic\u00edpio. A Diretora da APAE de Santa Rosa, Marli Rozek,\nrecebeu a not\u00edcia com grande entusiasmo e acompanhada do Prefeito Anderson\nMantei, falou sobre a import\u00e2ncia do servi\u00e7o, \u201cEstamos muito contentes com esta\nconquista e vamos em breve inaugurar o CAS\/TEAcolhe Santa Rosa. Um servi\u00e7o que\nvai trazer muitos benef\u00edcios para as fam\u00edlias dos pacientes que n\u00e3o v\u00e3o\nprecisar mais buscar o atendimento em outras cidades\u201d.<\/p>\n\n\n\n<p>Desde o in\u00edcio da gest\u00e3o atual, em\n2021, muitos avan\u00e7os foram realizados na \u00e1rea do autismo em Santa Rosa. O\nprimeiro deles foi a instala\u00e7\u00e3o do Centro Macrorregional de Refer\u00eancia em TEA,\nque foi inaugurado em setembro de 2021. O servi\u00e7o \u00e9 coordenado pela Funda\u00e7\u00e3o\nMunicipal de Sa\u00fade de Santa Rosa \u2013 FUMSSAR e tem como finalidade, o suporte\nt\u00e9cnico-pedag\u00f3gico \u00e0s equipes do munic\u00edpio e da Macrorregi\u00e3o de Sa\u00fade (78\nmunic\u00edpios), por meio de matriciamento, nas \u00e1reas de Sa\u00fade, Educa\u00e7\u00e3o e\nAssist\u00eancia Social. O segundo passo foi a contempla\u00e7\u00e3o de um Centro Regional de\nAutismo, em fevereiro de 2022. Sob a coordena\u00e7\u00e3o da APADA Santa Rosa, o centro\nfornece suporte para 22 munic\u00edpios, por meio de atendimento de casos novos,\nseveros, graves e refrat\u00e1rios.<\/p>\n\n\n\n<p>O Prefeito Anderson Mantei,\ndestacou que estas conquistas valorizaram o servi\u00e7o municipal e das entidades e\nque com o empenho das fam\u00edlias est\u00e3o fazendo muita diferen\u00e7a na vida dos\nautistas de Santa Rosa e regi\u00e3o, \u201cSanta Rosa mais uma vez se torna refer\u00eancia\nna \u00e1rea da sa\u00fade e neste caso, no diagn\u00f3stico e tratamento do autismo. \u00c9 mais\numa grande conquista para a nossa cidade e \u00e9 tudo o que n\u00f3s sempre sonhamos\ndesde o in\u00edcio do governo. Avan\u00e7amos muito e vamos continuar implementando\na\u00e7\u00f5es que promovam o bem-estar e o cuidado integral da nossa popula\u00e7\u00e3o\u201d.\nSegundo levantamento realizado, Santa Rosa possui mais de 300 pessoas\ndiagnosticadas com TEA. O CAS\/TEAcolhe vai atender, pelo menos, 150 usu\u00e1rios\npor m\u00eas, com no m\u00ednimo 1.200 atendimentos e registro da produ\u00e7\u00e3o mensal dos\nservi\u00e7os, por meio do Boletim de Produ\u00e7\u00e3o Ambulatorial Individualizada &#8211; BPAI.<\/p>\n","protected":false},"excerpt":{"rendered":"<p>Mais um servi\u00e7o que oferece tratamento do Autismo em Santa Rosa. Promover avan\u00e7os e ampliar&#8230;<\/p>\n","protected":false},"author":36,"featured_media":24658,"comment_status":"closed","ping_status":"closed","sticky":false,"template":"","format":"standard","meta":{"footnotes":""},"categories":[2],"tags":[],"_links":{"self":[{"href":"https:\/\/www.fumssar.com.br\/index.php?rest_route=\/wp\/v2\/posts\/24656"}],"collection":[{"href":"https:\/\/www.fumssar.com.br\/index.php?rest_route=\/wp\/v2\/posts"}],"about":[{"href":"https:\/\/www.fumssar.com.br\/index.php?rest_route=\/wp\/v2\/types\/post"}],"author":[{"embeddable":true,"href":"https:\/\/www.fumssar.com.br\/index.php?rest_route=\/wp\/v2\/users\/36"}],"replies":[{"embeddable":true,"href":"https:\/\/www.fumssar.com.br\/index.php?rest_route=%2Fwp%2Fv2%2Fcomments&post=24656"}],"version-history":[{"count":1,"href":"https:\/\/www.fumssar.com.br\/index.php?rest_route=\/wp\/v2\/posts\/24656\/revisions"}],"predecessor-version":[{"id":24659,"href":"https:\/\/www.fumssar.com.br\/index.php?rest_route=\/wp\/v2\/posts\/24656\/revisions\/24659"}],"wp:featuredmedia":[{"embeddable":true,"href":"https:\/\/www.fumssar.com.br\/index.php?rest_route=\/wp\/v2\/media\/24658"}],"wp:attachment":[{"href":"https:\/\/www.fumssar.com.br\/index.php?rest_route=%2Fwp%2Fv2%2Fmedia&parent=24656"}],"wp:term":[{"taxonomy":"category","embeddable":true,"href":"https:\/\/www.fumssar.com.br\/index.php?rest_route=%2Fwp%2Fv2%2Fcategories&post=24656"},{"taxonomy":"post_tag","embeddable":true,"href":"https:\/\/www.fumssar.com.br\/index.php?rest_route=%2Fwp%2Fv2%2Ftags&post=24656"}],"curies":[{"name":"wp","href":"https:\/\/api.w.org\/{rel}","templated":true}]}}