{"id":24633,"date":"2023-07-05T17:01:28","date_gmt":"2023-07-05T20:01:28","guid":{"rendered":"http:\/\/www.fumssar.com.br\/?p=24633"},"modified":"2024-10-07T16:29:54","modified_gmt":"2024-10-07T19:29:54","slug":"delcio-stefan-cumpre-agendas-em-porto-alegre","status":"publish","type":"post","link":"https:\/\/www.fumssar.com.br\/?p=24633","title":{"rendered":"D\u00e9lcio Stefan cumpre agendas em Porto Alegre"},"content":{"rendered":"\n<figure class=\"wp-block-image\"><img loading=\"lazy\" decoding=\"async\" width=\"860\" height=\"645\" src=\"https:\/\/www.fumssar.com.br\/wp-content\/uploads\/2023\/07\/Formato-Site-e-Portal-860X645-JPG-2023-07-05T151350.802.jpg\" alt=\"\" class=\"wp-image-24634\" srcset=\"https:\/\/www.fumssar.com.br\/wp-content\/uploads\/2023\/07\/Formato-Site-e-Portal-860X645-JPG-2023-07-05T151350.802.jpg 860w, https:\/\/www.fumssar.com.br\/wp-content\/uploads\/2023\/07\/Formato-Site-e-Portal-860X645-JPG-2023-07-05T151350.802-300x225.jpg 300w, https:\/\/www.fumssar.com.br\/wp-content\/uploads\/2023\/07\/Formato-Site-e-Portal-860X645-JPG-2023-07-05T151350.802-768x576.jpg 768w\" sizes=\"(max-width: 860px) 100vw, 860px\" \/><\/figure>\n\n\n\n<p>O\nPresidente da Funda\u00e7\u00e3o Municipal de Sa\u00fade de Santa Rosa, D\u00e9lcio Stefan, esteve\nnesta ter\u00e7a-feira (04) e quarta-feira (05), cumprindo agendas em Porto Alegre.\nOs encontros ocorreram nas depend\u00eancias da Secretaria Estadual de Sa\u00fade \u2013 SES\/RS.\nNa oportunidade, foram realizadas reuni\u00f5es das \u00e1reas t\u00e9cnicas e deliberativas\nda sa\u00fade e pactuados novos servi\u00e7os para os munic\u00edpios do Rio Grande do Sul. Foram\ndestaques, as \u00e1reas de oncologia, hemodi\u00e1lise, plano de contin\u00eancia do inverno e\ncardiologia. Al\u00e9m disso, tamb\u00e9m foi debatida a avalia\u00e7\u00e3o das campanhas de cirurgias\neletivas e sobre a recomposi\u00e7\u00e3o do teto financeiro de m\u00e9dia e alta complexidade.<\/p>\n\n\n\n<p>Entre\nos encontros, D\u00e9lcio esteve com a Secret\u00e1ria de Sa\u00fade do RS, Arita Bergman, com\na qual tratou sobre o servi\u00e7o de cardiologia e uma futura visita em Santa Rosa.\nAl\u00e9m disso, o presidente se reuniu com a Secret\u00e1ria Adjunta, Ana costa, para\ntratar sobre os centros de autismo e primeira inf\u00e2ncia. Outra agenda foi\nrealizada com a Diretora do Fundo Estadual de Sa\u00fade &#8211; FES, Meriana Farid El\nKek, para falar sobre quest\u00f5es financeiras. \u201cEstivemos em importantes reuni\u00f5es para\nlevar as demandas de Santa Rosa e tamb\u00e9m acompanhar outros projetos da sa\u00fade\nque est\u00e3o em andamento no estado. Nossa cidade tem sido refer\u00eancia em diversos\nservi\u00e7os e continuamos em busca de novos projetos para avan\u00e7ar ainda mais e promover\na sa\u00fade integral da popula\u00e7\u00e3o\u201d, destacou o presidente.<\/p>\n\n\n\n<p>No Conselho das Secretarias Municipais de Sa\u00fade do Rio Grande do Sul \u2013 COSEMS\/RS, D\u00e9lcio esteve com o Presidente Guilherme Ribas e tratou sobre o Congresso Nacional e Estadual de Secret\u00e1rios de Sa\u00fade e as dificuldades da regi\u00e3o Macromissioneira nas quest\u00f5es da cardiologia. Na pr\u00f3xima semana, o presidente da FUMSSAR tem novas agendas programadas na capital, entre as pautas, est\u00e1 uma reuni\u00e3o que ser\u00e1 promovida pela Associa\u00e7\u00e3o Ga\u00facha de Cons\u00f3rcios P\u00fablicos \u2013 Agconp.<\/p>\n\n\n\n<ul class=\"wp-block-gallery columns-2 is-cropped wp-block-gallery-1 is-layout-flex wp-block-gallery-is-layout-flex\"><li class=\"blocks-gallery-item\"><figure><img loading=\"lazy\" decoding=\"async\" width=\"860\" height=\"645\" src=\"https:\/\/www.fumssar.com.br\/wp-content\/uploads\/2023\/07\/D\u00e9lcio-03.png\" alt=\"\" data-id=\"24635\" data-link=\"https:\/\/www.fumssar.com.br\/?attachment_id=24635\" class=\"wp-image-24635\" srcset=\"https:\/\/www.fumssar.com.br\/wp-content\/uploads\/2023\/07\/D\u00e9lcio-03.png 860w, https:\/\/www.fumssar.com.br\/wp-content\/uploads\/2023\/07\/D\u00e9lcio-03-300x225.png 300w, https:\/\/www.fumssar.com.br\/wp-content\/uploads\/2023\/07\/D\u00e9lcio-03-768x576.png 768w\" sizes=\"(max-width: 860px) 100vw, 860px\" \/><\/figure><\/li><li class=\"blocks-gallery-item\"><figure><img loading=\"lazy\" decoding=\"async\" width=\"860\" height=\"645\" src=\"https:\/\/www.fumssar.com.br\/wp-content\/uploads\/2023\/07\/D\u00e9lcio-02.png\" alt=\"\" data-id=\"24636\" data-link=\"https:\/\/www.fumssar.com.br\/?attachment_id=24636\" class=\"wp-image-24636\" srcset=\"https:\/\/www.fumssar.com.br\/wp-content\/uploads\/2023\/07\/D\u00e9lcio-02.png 860w, https:\/\/www.fumssar.com.br\/wp-content\/uploads\/2023\/07\/D\u00e9lcio-02-300x225.png 300w, https:\/\/www.fumssar.com.br\/wp-content\/uploads\/2023\/07\/D\u00e9lcio-02-768x576.png 768w\" sizes=\"(max-width: 860px) 100vw, 860px\" \/><\/figure><\/li><\/ul>\n","protected":false},"excerpt":{"rendered":"<p>O Presidente da Funda\u00e7\u00e3o Municipal de Sa\u00fade de Santa Rosa, D\u00e9lcio Stefan, esteve nesta ter\u00e7a-feira&#8230;<\/p>\n","protected":false},"author":36,"featured_media":24637,"comment_status":"closed","ping_status":"closed","sticky":false,"template":"","format":"standard","meta":{"footnotes":""},"categories":[2],"tags":[],"_links":{"self":[{"href":"https:\/\/www.fumssar.com.br\/index.php?rest_route=\/wp\/v2\/posts\/24633"}],"collection":[{"href":"https:\/\/www.fumssar.com.br\/index.php?rest_route=\/wp\/v2\/posts"}],"about":[{"href":"https:\/\/www.fumssar.com.br\/index.php?rest_route=\/wp\/v2\/types\/post"}],"author":[{"embeddable":true,"href":"https:\/\/www.fumssar.com.br\/index.php?rest_route=\/wp\/v2\/users\/36"}],"replies":[{"embeddable":true,"href":"https:\/\/www.fumssar.com.br\/index.php?rest_route=%2Fwp%2Fv2%2Fcomments&post=24633"}],"version-history":[{"count":1,"href":"https:\/\/www.fumssar.com.br\/index.php?rest_route=\/wp\/v2\/posts\/24633\/revisions"}],"predecessor-version":[{"id":24638,"href":"https:\/\/www.fumssar.com.br\/index.php?rest_route=\/wp\/v2\/posts\/24633\/revisions\/24638"}],"wp:featuredmedia":[{"embeddable":true,"href":"https:\/\/www.fumssar.com.br\/index.php?rest_route=\/wp\/v2\/media\/24637"}],"wp:attachment":[{"href":"https:\/\/www.fumssar.com.br\/index.php?rest_route=%2Fwp%2Fv2%2Fmedia&parent=24633"}],"wp:term":[{"taxonomy":"category","embeddable":true,"href":"https:\/\/www.fumssar.com.br\/index.php?rest_route=%2Fwp%2Fv2%2Fcategories&post=24633"},{"taxonomy":"post_tag","embeddable":true,"href":"https:\/\/www.fumssar.com.br\/index.php?rest_route=%2Fwp%2Fv2%2Ftags&post=24633"}],"curies":[{"name":"wp","href":"https:\/\/api.w.org\/{rel}","templated":true}]}}