{"id":24604,"date":"2023-07-04T16:37:04","date_gmt":"2023-07-04T19:37:04","guid":{"rendered":"http:\/\/www.fumssar.com.br\/?p=24604"},"modified":"2024-10-07T16:29:54","modified_gmt":"2024-10-07T19:29:54","slug":"fumssar-informa-alteracao-da-vacinacao-contra-a-covid-19","status":"publish","type":"post","link":"https:\/\/www.fumssar.com.br\/?p=24604","title":{"rendered":"FUMSSAR informa altera\u00e7\u00e3o da vacina\u00e7\u00e3o contra a COVID-19"},"content":{"rendered":"\n<figure class=\"wp-block-image\"><img loading=\"lazy\" decoding=\"async\" width=\"860\" height=\"645\" src=\"http:\/\/www.fumssar.com.br\/wp-content\/uploads\/2023\/07\/Formato-Site-e-Portal-860X645-JPG-2023-07-04T162747.843.jpg\" alt=\"\" class=\"wp-image-24605\" srcset=\"https:\/\/www.fumssar.com.br\/wp-content\/uploads\/2023\/07\/Formato-Site-e-Portal-860X645-JPG-2023-07-04T162747.843.jpg 860w, https:\/\/www.fumssar.com.br\/wp-content\/uploads\/2023\/07\/Formato-Site-e-Portal-860X645-JPG-2023-07-04T162747.843-300x225.jpg 300w, https:\/\/www.fumssar.com.br\/wp-content\/uploads\/2023\/07\/Formato-Site-e-Portal-860X645-JPG-2023-07-04T162747.843-768x576.jpg 768w\" sizes=\"(max-width: 860px) 100vw, 860px\" \/><\/figure>\n\n\n\n<p>A\nFunda\u00e7\u00e3o Municipal de Sa\u00fade de Santa Rosa informa a popula\u00e7\u00e3o, que a vacina\u00e7\u00e3o contra\na COVID-19 (doses monovalentes), foi alterada. A aplica\u00e7\u00e3o vai passar a ser\nrealizada toda a primeira segunda-feira de cada m\u00eas, na UBS do Centro, das\n18h30min \u00e0s 21h.<\/p>\n\n\n\n<p>As\ndoses podem ser realizadas a partir dos 6 meses. O atendimento acontece\nmediante a capacidade m\u00e1xima de aplica\u00e7\u00e3o. Para se vacinar, \u00e9 preciso levar\ndocumento com foto, CPF e a caderneta de vacina\u00e7\u00e3o. As doses bivalentes seguem\nsendo realizadas todas as segundas-feiras, das 13h30min \u00e0s 17h, nas Unidades\nB\u00e1sicas de Sa\u00fade.<\/p>\n\n\n\n<p>Confira\nno site da FUMSSAR, as faixas et\u00e1rias e o intervalo entre as doses. Segue abaixo,\nas pr\u00f3ximas datas de aplica\u00e7\u00e3o:<\/p>\n\n\n\n<p>&#8211;\n07\/08<\/p>\n\n\n\n<p>&#8211;\n04\/09<\/p>\n\n\n\n<p>&#8211;\n02\/10<\/p>\n\n\n\n<p>&#8211;\n06\/11<\/p>\n\n\n\n<p>&#8211; 04\/12<\/p>\n\n\n\n<figure class=\"wp-block-image\"><img loading=\"lazy\" decoding=\"async\" width=\"1024\" height=\"1024\" src=\"https:\/\/www.fumssar.com.br\/wp-content\/uploads\/2023\/07\/Azul-e-Verde-Corporativo-Limpo-Informa\u00e7\u00f5es-Sobre-Vacina-Cartaz-de-Sa\u00fade-Geral-Post-para-Instagram-7-2-1024x1024.png\" alt=\"\" class=\"wp-image-24613\" srcset=\"https:\/\/www.fumssar.com.br\/wp-content\/uploads\/2023\/07\/Azul-e-Verde-Corporativo-Limpo-Informa\u00e7\u00f5es-Sobre-Vacina-Cartaz-de-Sa\u00fade-Geral-Post-para-Instagram-7-2-1024x1024.png 1024w, https:\/\/www.fumssar.com.br\/wp-content\/uploads\/2023\/07\/Azul-e-Verde-Corporativo-Limpo-Informa\u00e7\u00f5es-Sobre-Vacina-Cartaz-de-Sa\u00fade-Geral-Post-para-Instagram-7-2-150x150.png 150w, https:\/\/www.fumssar.com.br\/wp-content\/uploads\/2023\/07\/Azul-e-Verde-Corporativo-Limpo-Informa\u00e7\u00f5es-Sobre-Vacina-Cartaz-de-Sa\u00fade-Geral-Post-para-Instagram-7-2-300x300.png 300w, https:\/\/www.fumssar.com.br\/wp-content\/uploads\/2023\/07\/Azul-e-Verde-Corporativo-Limpo-Informa\u00e7\u00f5es-Sobre-Vacina-Cartaz-de-Sa\u00fade-Geral-Post-para-Instagram-7-2-768x768.png 768w, https:\/\/www.fumssar.com.br\/wp-content\/uploads\/2023\/07\/Azul-e-Verde-Corporativo-Limpo-Informa\u00e7\u00f5es-Sobre-Vacina-Cartaz-de-Sa\u00fade-Geral-Post-para-Instagram-7-2.png 1080w\" sizes=\"(max-width: 1024px) 100vw, 1024px\" \/><\/figure>\n","protected":false},"excerpt":{"rendered":"<p>A Funda\u00e7\u00e3o Municipal de Sa\u00fade de Santa Rosa informa a popula\u00e7\u00e3o, que a vacina\u00e7\u00e3o contra&#8230;<\/p>\n","protected":false},"author":36,"featured_media":24607,"comment_status":"closed","ping_status":"closed","sticky":false,"template":"","format":"standard","meta":{"footnotes":""},"categories":[152,2],"tags":[],"_links":{"self":[{"href":"https:\/\/www.fumssar.com.br\/index.php?rest_route=\/wp\/v2\/posts\/24604"}],"collection":[{"href":"https:\/\/www.fumssar.com.br\/index.php?rest_route=\/wp\/v2\/posts"}],"about":[{"href":"https:\/\/www.fumssar.com.br\/index.php?rest_route=\/wp\/v2\/types\/post"}],"author":[{"embeddable":true,"href":"https:\/\/www.fumssar.com.br\/index.php?rest_route=\/wp\/v2\/users\/36"}],"replies":[{"embeddable":true,"href":"https:\/\/www.fumssar.com.br\/index.php?rest_route=%2Fwp%2Fv2%2Fcomments&post=24604"}],"version-history":[{"count":3,"href":"https:\/\/www.fumssar.com.br\/index.php?rest_route=\/wp\/v2\/posts\/24604\/revisions"}],"predecessor-version":[{"id":24615,"href":"https:\/\/www.fumssar.com.br\/index.php?rest_route=\/wp\/v2\/posts\/24604\/revisions\/24615"}],"wp:featuredmedia":[{"embeddable":true,"href":"https:\/\/www.fumssar.com.br\/index.php?rest_route=\/wp\/v2\/media\/24607"}],"wp:attachment":[{"href":"https:\/\/www.fumssar.com.br\/index.php?rest_route=%2Fwp%2Fv2%2Fmedia&parent=24604"}],"wp:term":[{"taxonomy":"category","embeddable":true,"href":"https:\/\/www.fumssar.com.br\/index.php?rest_route=%2Fwp%2Fv2%2Fcategories&post=24604"},{"taxonomy":"post_tag","embeddable":true,"href":"https:\/\/www.fumssar.com.br\/index.php?rest_route=%2Fwp%2Fv2%2Ftags&post=24604"}],"curies":[{"name":"wp","href":"https:\/\/api.w.org\/{rel}","templated":true}]}}