{"id":24592,"date":"2023-07-03T16:54:49","date_gmt":"2023-07-03T19:54:49","guid":{"rendered":"http:\/\/www.fumssar.com.br\/?p=24592"},"modified":"2024-10-07T16:29:54","modified_gmt":"2024-10-07T19:29:54","slug":"abertura-da-sipat-2023-e-realizada-na-fumssar","status":"publish","type":"post","link":"https:\/\/www.fumssar.com.br\/?p=24592","title":{"rendered":"Abertura da SIPAT 2023 \u00e9 realizada na FUMSSAR"},"content":{"rendered":"\n<figure class=\"wp-block-image\"><img loading=\"lazy\" decoding=\"async\" width=\"860\" height=\"645\" src=\"https:\/\/www.fumssar.com.br\/wp-content\/uploads\/2023\/07\/Formato-Site-e-Portal-860X645-JPG-2023-07-03T164908.546.jpg\" alt=\"\" class=\"wp-image-24593\" srcset=\"https:\/\/www.fumssar.com.br\/wp-content\/uploads\/2023\/07\/Formato-Site-e-Portal-860X645-JPG-2023-07-03T164908.546.jpg 860w, https:\/\/www.fumssar.com.br\/wp-content\/uploads\/2023\/07\/Formato-Site-e-Portal-860X645-JPG-2023-07-03T164908.546-300x225.jpg 300w, https:\/\/www.fumssar.com.br\/wp-content\/uploads\/2023\/07\/Formato-Site-e-Portal-860X645-JPG-2023-07-03T164908.546-768x576.jpg 768w\" sizes=\"(max-width: 860px) 100vw, 860px\" \/><\/figure>\n\n\n\n<p>Nesta\nsegunda-feira (03), integrantes da Comiss\u00e3o Interna de Preven\u00e7\u00e3o de Acidentes &#8211;\nCIPA da Funda\u00e7\u00e3o Municipal de Sa\u00fade de Santa Rosa, realizaram a abertura\noficial da Semana Interna de Preven\u00e7\u00e3o dos Acidentes de Trabalho \u2013 SIPAT 2023. A\na\u00e7\u00e3o aconteceu no audit\u00f3rio da FUMSSAR e reuniu autoridades e servidores\nmunicipais. O objetivo \u00e9 no decorrer da semana, desenvolver atividades para orientar\ne conscientizar sobre a import\u00e2ncia da preven\u00e7\u00e3o dos acidentes e de doen\u00e7as no\nambiente de trabalho.<\/p>\n\n\n\n<p>At\u00e9\na pr\u00f3xima sexta-feira (07), os servidores municipais v\u00e3o poder participar de\npalestras presenciais no audit\u00f3rio do N\u00facleo de Ensino e Pesquisa &#8211; NEP, no\nhor\u00e1rio das 13h30min \u00e0s 15h30min. O Presidente da FUMSSAR, D\u00e9lcio Stefan,\ndestacou que as atividades buscam resgatar medidas de seguran\u00e7a esquecidas no\ndia a dia, al\u00e9m de promover um cuidado integral dos trabalhadores, \u201cEsta semana\n\u00e9 importante para debatermos meios de preven\u00e7\u00e3o aos acidentes e proporcionar\nmelhorias para a sa\u00fade dos servidores\u201d.<\/p>\n\n\n\n<p>Entre os temas que v\u00e3o ser abordados, est\u00e3o: Atendimento Pr\u00e9 Hospitalar com os enfermeiros do SAMU, Diogo Hubler e Ricardo Totel; Comportamento M\u00fatuo: atitudes e valores com os empres\u00e1rios Daniel R\u00f6sler e Alessandro Feuerharmel da SSO Ocupacional e Ass\u00e9dio Sexual, Moral e outras formas de viol\u00eancia nos ambientes de trabalho, com a Psic\u00f3loga do CEREST Iju\u00ed, Patr\u00edcia Felden Torma.<\/p>\n\n\n\n<ul class=\"wp-block-gallery columns-2 is-cropped wp-block-gallery-1 is-layout-flex wp-block-gallery-is-layout-flex\"><li class=\"blocks-gallery-item\"><figure><img loading=\"lazy\" decoding=\"async\" width=\"860\" height=\"645\" src=\"https:\/\/www.fumssar.com.br\/wp-content\/uploads\/2023\/07\/Formato-Site-e-Portal-860X645-JPG-2023-07-03T164856.572.jpg\" alt=\"\" data-id=\"24594\" data-link=\"https:\/\/www.fumssar.com.br\/?attachment_id=24594\" class=\"wp-image-24594\" srcset=\"https:\/\/www.fumssar.com.br\/wp-content\/uploads\/2023\/07\/Formato-Site-e-Portal-860X645-JPG-2023-07-03T164856.572.jpg 860w, https:\/\/www.fumssar.com.br\/wp-content\/uploads\/2023\/07\/Formato-Site-e-Portal-860X645-JPG-2023-07-03T164856.572-300x225.jpg 300w, https:\/\/www.fumssar.com.br\/wp-content\/uploads\/2023\/07\/Formato-Site-e-Portal-860X645-JPG-2023-07-03T164856.572-768x576.jpg 768w\" sizes=\"(max-width: 860px) 100vw, 860px\" \/><\/figure><\/li><li class=\"blocks-gallery-item\"><figure><img loading=\"lazy\" decoding=\"async\" width=\"860\" height=\"645\" src=\"https:\/\/www.fumssar.com.br\/wp-content\/uploads\/2023\/07\/Formato-Site-e-Portal-860X645-JPG-2023-07-03T164826.682.jpg\" alt=\"\" data-id=\"24595\" data-link=\"https:\/\/www.fumssar.com.br\/?attachment_id=24595\" class=\"wp-image-24595\" srcset=\"https:\/\/www.fumssar.com.br\/wp-content\/uploads\/2023\/07\/Formato-Site-e-Portal-860X645-JPG-2023-07-03T164826.682.jpg 860w, https:\/\/www.fumssar.com.br\/wp-content\/uploads\/2023\/07\/Formato-Site-e-Portal-860X645-JPG-2023-07-03T164826.682-300x225.jpg 300w, https:\/\/www.fumssar.com.br\/wp-content\/uploads\/2023\/07\/Formato-Site-e-Portal-860X645-JPG-2023-07-03T164826.682-768x576.jpg 768w\" sizes=\"(max-width: 860px) 100vw, 860px\" \/><\/figure><\/li><\/ul>\n","protected":false},"excerpt":{"rendered":"<p>Nesta segunda-feira (03), integrantes da Comiss\u00e3o Interna de Preven\u00e7\u00e3o de Acidentes &#8211; CIPA da Funda\u00e7\u00e3o&#8230;<\/p>\n","protected":false},"author":36,"featured_media":24596,"comment_status":"closed","ping_status":"closed","sticky":false,"template":"","format":"standard","meta":{"footnotes":""},"categories":[2],"tags":[],"_links":{"self":[{"href":"https:\/\/www.fumssar.com.br\/index.php?rest_route=\/wp\/v2\/posts\/24592"}],"collection":[{"href":"https:\/\/www.fumssar.com.br\/index.php?rest_route=\/wp\/v2\/posts"}],"about":[{"href":"https:\/\/www.fumssar.com.br\/index.php?rest_route=\/wp\/v2\/types\/post"}],"author":[{"embeddable":true,"href":"https:\/\/www.fumssar.com.br\/index.php?rest_route=\/wp\/v2\/users\/36"}],"replies":[{"embeddable":true,"href":"https:\/\/www.fumssar.com.br\/index.php?rest_route=%2Fwp%2Fv2%2Fcomments&post=24592"}],"version-history":[{"count":1,"href":"https:\/\/www.fumssar.com.br\/index.php?rest_route=\/wp\/v2\/posts\/24592\/revisions"}],"predecessor-version":[{"id":24597,"href":"https:\/\/www.fumssar.com.br\/index.php?rest_route=\/wp\/v2\/posts\/24592\/revisions\/24597"}],"wp:featuredmedia":[{"embeddable":true,"href":"https:\/\/www.fumssar.com.br\/index.php?rest_route=\/wp\/v2\/media\/24596"}],"wp:attachment":[{"href":"https:\/\/www.fumssar.com.br\/index.php?rest_route=%2Fwp%2Fv2%2Fmedia&parent=24592"}],"wp:term":[{"taxonomy":"category","embeddable":true,"href":"https:\/\/www.fumssar.com.br\/index.php?rest_route=%2Fwp%2Fv2%2Fcategories&post=24592"},{"taxonomy":"post_tag","embeddable":true,"href":"https:\/\/www.fumssar.com.br\/index.php?rest_route=%2Fwp%2Fv2%2Ftags&post=24592"}],"curies":[{"name":"wp","href":"https:\/\/api.w.org\/{rel}","templated":true}]}}