{"id":24545,"date":"2023-06-21T10:20:44","date_gmt":"2023-06-21T13:20:44","guid":{"rendered":"http:\/\/www.fumssar.com.br\/?p=24545"},"modified":"2024-10-07T16:29:55","modified_gmt":"2024-10-07T19:29:55","slug":"ubs-do-centro-passa-a-oferecer-atendimento-no-3o-turno","status":"publish","type":"post","link":"https:\/\/www.fumssar.com.br\/?p=24545","title":{"rendered":"UBS do Centro passa a oferecer atendimento no 3\u00ba turno"},"content":{"rendered":"\n<figure class=\"wp-block-image\"><img loading=\"lazy\" decoding=\"async\" width=\"860\" height=\"645\" src=\"https:\/\/www.fumssar.com.br\/wp-content\/uploads\/2023\/06\/Formato-Site-e-Portal-860X645-JPG-2023-06-21T095350.040.jpg\" alt=\"\" class=\"wp-image-24546\" srcset=\"https:\/\/www.fumssar.com.br\/wp-content\/uploads\/2023\/06\/Formato-Site-e-Portal-860X645-JPG-2023-06-21T095350.040.jpg 860w, https:\/\/www.fumssar.com.br\/wp-content\/uploads\/2023\/06\/Formato-Site-e-Portal-860X645-JPG-2023-06-21T095350.040-300x225.jpg 300w, https:\/\/www.fumssar.com.br\/wp-content\/uploads\/2023\/06\/Formato-Site-e-Portal-860X645-JPG-2023-06-21T095350.040-768x576.jpg 768w\" sizes=\"(max-width: 860px) 100vw, 860px\" \/><\/figure>\n\n\n\n<p>Mais\numa Unidade B\u00e1sica de Sa\u00fade com terceiro turno. Esta que foi uma promessa de\ncampanha do Prefeito Anderson Mantei tamb\u00e9m est\u00e1 sendo concretizada. Neste m\u00eas,\npassou a funcionar o atendimento no turno da noite na Unidade do Centro. O\nobjetivo \u00e9 atender aos usu\u00e1rios que n\u00e3o conseguem acesso nos demais hor\u00e1rios de\nfuncionamento, com foco na preven\u00e7\u00e3o de sa\u00fade do trabalhador.<\/p>\n\n\n\n<p>Agora,\nal\u00e9m do servi\u00e7o prestado das 07h30min \u00e0s 11h30min e das 13h30min \u00e0s 17h30min, a\ncomunidade tamb\u00e9m pode ser atendida das 18h \u00e0s 21h no Posto do Centro. Os\npacientes contam com um cronograma di\u00e1rio, que inclui: consultas m\u00e9dicas,\nsolicita\u00e7\u00e3o de exames, acompanhamento de gestantes e seus companheiros\n(pr\u00e9-natal do parceiro), acompanhamento de pacientes cr\u00f4nicos, dentista,\natendimentos com enfermeiro, entre outras a\u00e7\u00f5es promovidas pela Funda\u00e7\u00e3o de\nSa\u00fade. O Prefeito Anderson Mantei ressaltou que este \u00e9 um cuidado especial para\nqualificar o atendimento da popula\u00e7\u00e3o, \u201cIsso \u00e9 cuidar e valorizar o bem-estar\ndas pessoas, o terceiro turno auxilia no fortalecimento e promo\u00e7\u00e3o da sa\u00fade\nintegral dos cidad\u00e3os. Estamos cumprindo com o que prometemos que \u00e9 oferecer\nmais acesso \u00e0 sa\u00fade\u201d. <\/p>\n\n\n\n<p>Al\u00e9m\ndo centro, outras 4 unidades tamb\u00e9m contam com 3\u00ba turno que come\u00e7ou no in\u00edcio\ndo governo. Para oferecer esse servi\u00e7o, foi feito um trabalho de gest\u00e3o e\nreadequado os profissionais para o atendimento, n\u00e3o sendo realizada nenhuma\ncontrata\u00e7\u00e3o a mais. As consultas no 3\u00ba turno s\u00e3o eletivas e devem ser agendas\npreviamente nas Unidades de Sa\u00fade que possuem o servi\u00e7o dispon\u00edvel. O servi\u00e7o\nconta tamb\u00e9m, com o apoio e a participa\u00e7\u00e3o da equipe da Resid\u00eancia\nMultiprofissional em Sa\u00fade da Fam\u00edlia e da Resid\u00eancia M\u00e9dica em Medicina de\nFam\u00edlia e Comunidade.<\/p>\n\n\n\n<p><strong><em>5\nUnidades de Sa\u00fade com atendimento no 3\u00ba turno em Santa Rosa<\/em><\/strong><\/p>\n\n\n\n<p>Com\na entrada em funcionamento do novo turno, Santa Rosa conta agora com cinco\nUnidades B\u00e1sicas de Sa\u00fade que possuem turno estendido, localizadas, al\u00e9m do\nCentro, nos bairros: Auxiliadora, Cruzeiro do Sul, J\u00falio Oliveira e Sulina.\nEssa \u00e9 uma a\u00e7\u00e3o que faz parte do Plano de Governo e que vem sendo implementada\nnas UBS\u2019s do munic\u00edpio. De janeiro a maio deste ano, foram realizados 2.103\natendimentos no 3\u00ba turno. O Prefeito Anderson Mantei, ressaltou que o servi\u00e7o\ntraz mais facilidade e comodidade para os usu\u00e1rios que fazem parte destas\nlocalidades. Anderson informou tamb\u00e9m que ainda em 2023, est\u00e1 prevista a\ninaugura\u00e7\u00e3o de mais uma UBS com servi\u00e7os de sa\u00fade no turno da noite e em 2024\nmais 2 unidades. <\/p>\n","protected":false},"excerpt":{"rendered":"<p>Mais uma Unidade B\u00e1sica de Sa\u00fade com terceiro turno. Esta que foi uma promessa de&#8230;<\/p>\n","protected":false},"author":36,"featured_media":24547,"comment_status":"closed","ping_status":"closed","sticky":false,"template":"","format":"standard","meta":{"footnotes":""},"categories":[2],"tags":[],"_links":{"self":[{"href":"https:\/\/www.fumssar.com.br\/index.php?rest_route=\/wp\/v2\/posts\/24545"}],"collection":[{"href":"https:\/\/www.fumssar.com.br\/index.php?rest_route=\/wp\/v2\/posts"}],"about":[{"href":"https:\/\/www.fumssar.com.br\/index.php?rest_route=\/wp\/v2\/types\/post"}],"author":[{"embeddable":true,"href":"https:\/\/www.fumssar.com.br\/index.php?rest_route=\/wp\/v2\/users\/36"}],"replies":[{"embeddable":true,"href":"https:\/\/www.fumssar.com.br\/index.php?rest_route=%2Fwp%2Fv2%2Fcomments&post=24545"}],"version-history":[{"count":1,"href":"https:\/\/www.fumssar.com.br\/index.php?rest_route=\/wp\/v2\/posts\/24545\/revisions"}],"predecessor-version":[{"id":24548,"href":"https:\/\/www.fumssar.com.br\/index.php?rest_route=\/wp\/v2\/posts\/24545\/revisions\/24548"}],"wp:featuredmedia":[{"embeddable":true,"href":"https:\/\/www.fumssar.com.br\/index.php?rest_route=\/wp\/v2\/media\/24547"}],"wp:attachment":[{"href":"https:\/\/www.fumssar.com.br\/index.php?rest_route=%2Fwp%2Fv2%2Fmedia&parent=24545"}],"wp:term":[{"taxonomy":"category","embeddable":true,"href":"https:\/\/www.fumssar.com.br\/index.php?rest_route=%2Fwp%2Fv2%2Fcategories&post=24545"},{"taxonomy":"post_tag","embeddable":true,"href":"https:\/\/www.fumssar.com.br\/index.php?rest_route=%2Fwp%2Fv2%2Ftags&post=24545"}],"curies":[{"name":"wp","href":"https:\/\/api.w.org\/{rel}","templated":true}]}}